{"id":25664,"date":"2024-09-10T01:22:14","date_gmt":"2024-09-10T01:22:14","guid":{"rendered":"https:\/\/laverdadpublica.com\/?p=25664"},"modified":"2024-09-11T01:24:42","modified_gmt":"2024-09-11T01:24:42","slug":"rde-un-nuevo-ecosistema-cultural-revoluciona-la-republica-dominicana","status":"publish","type":"post","link":"https:\/\/laverdadpublica.com\/index.php\/2024\/09\/10\/rde-un-nuevo-ecosistema-cultural-revoluciona-la-republica-dominicana\/","title":{"rendered":"RD\u00c9: Un nuevo ecosistema cultural revoluciona la Rep\u00fablica Dominicana"},"content":{"rendered":"<p style=\"text-align: justify;\">Santo Domingo. \u2013 En un evento sin precedentes, se present\u00f3 RD\u00c9, un innovador ecosistema cultural que promete transformar el panorama art\u00edstico, cultural y medi\u00e1tico de la Rep\u00fablica Dominicana. Con una producci\u00f3n que combin\u00f3 elementos arquitect\u00f3nicos de inspiraci\u00f3n medieval y tecnolog\u00eda de \u00faltima generaci\u00f3n, RD\u00c9 se dio a conocer como un espacio vibrante y multidimensional, dise\u00f1ado para nutrir y promover el arte, la cultura, el cine, la m\u00fasica y la informaci\u00f3n.<\/p>\n<p style=\"text-align: justify;\">El evento de lanzamiento inici\u00f3 con un inspirador discurso en el que se resalt\u00f3 el esplendor de las ideas que dieron vida a RD\u00c9. \u00abSobre la grandeza de nuestros sue\u00f1os, nace la creaci\u00f3n\u00bb, fueron las palabras que evocaron la \u00e9pica de los sue\u00f1os convertidos en realidad, y la determinaci\u00f3n de los visionarios que superaron obst\u00e1culos para hacer posible este proyecto.<\/p>\n<p style=\"text-align: justify;\">Durante la noche, en una presentaci\u00f3n dirigida por la destacada comunicadora Hony Estrella, se dieron a conocer tres de los primeros frutos de RD\u00c9, cada uno reflejando el compromiso de la plataforma con la excelencia y la innovaci\u00f3n<\/p>\n<ul>\n<li style=\"text-align: justify;\">\u00a0<strong>RD\u00c9 Digital:<\/strong> Un medio de informaci\u00f3n digital que se posiciona como un referente en la comunicaci\u00f3n de alta calidad, combinando texto, im\u00e1genes, contenidos audiovisuales y gr\u00e1ficos interactivos para ofrecer una visi\u00f3n integral del mundo, con un enfoque especial en la cultura y el arte.<\/li>\n<\/ul>\n<p>&nbsp;<\/p>\n<ul>\n<li style=\"text-align: justify;\"><strong>Intervista:<\/strong> Miradas de Centinelas Atemporales: Una secci\u00f3n dedicada a capturar la esencia y el legado de figuras emblem\u00e1ticas de la historia y la cultura dominicana. Cada conversatorio se presenta como una ventana al pensamiento y esp\u00edritu de individuos que han dejado una huella indeleble en el mundo.<\/li>\n<\/ul>\n<p>&nbsp;<\/p>\n<ul>\n<li style=\"text-align: justify;\"><strong>Ensamble Et\u00e9reo:<\/strong> Una serie digital de RD\u00c9 que, en colaboraci\u00f3n con la distribuidora SYMPHONIC, se estrenar\u00e1 el 6 de septiembre y se transmitir\u00e1 cada viernes en nuestro canal de YouTube https:\/\/www.youtube.com\/@Ensambleetereo<\/li>\n<\/ul>\n<p style=\"text-align: justify;\">Esta serie digital de m\u00fasica en vivo contar\u00e1 con los mejores artistas del momento, del pasado y del futuro, celebrando la diversidad y el dinamismo de la m\u00fasica dominicana y global, ofreciendo una amplia variedad de g\u00e9neros musicales. Ensamble Et\u00e9reo conecta a las audiencias con la riqueza cultural de diferentes estilos musicales en vivo, reafirmando su compromiso con la excelencia art\u00edstica a nivel sonoro y visual, nunca antes visto en la Rep\u00fablica Dominicana.<\/p>\n<p style=\"text-align: justify;\">Adem\u00e1s, se anticiparon dos proyectos futuros que elevan a\u00fan m\u00e1s las expectativas sobre lo que RD\u00c9 aportar\u00e1 al pa\u00eds:<\/p>\n<p>&nbsp;<\/p>\n<ul>\n<li style=\"text-align: justify;\"><strong>RD\u00c9 Music:<\/strong> Un estudio de producci\u00f3n musical de est\u00e1ndares mundiales, equipado con tecnolog\u00eda Dolby Atmos Music, que promete una experiencia auditiva tridimensional y envolvente.<\/li>\n<\/ul>\n<p>&nbsp;<\/p>\n<ul>\n<li style=\"text-align: justify;\"><strong>RD\u00c9 Film:<\/strong> Un santuario para la producci\u00f3n y postproducci\u00f3n cinematogr\u00e1fica, equipado con tecnolog\u00eda Dolby Atmos Theatrical, posicionando a RD\u00c9 como un pionero en la creaci\u00f3n de contenidos inmersivos de \u00faltima generaci\u00f3n.<\/li>\n<\/ul>\n<p style=\"text-align: justify;\">El evento de lanzamiento, realizado en las instalaciones de Fecerunt, cuyo nombre significa \u00ablo hicimos juntos\u00bb, culmin\u00f3 con la proyecci\u00f3n de un adelanto del primer episodio de Ensamble Et\u00e9reo, a cargo del maestro Jos\u00e9 Pe\u00f1a Suazo y La Banda Gorda. Este primer episodio, mezclado en Dolby Atmos, estar\u00e1 disponible para el p\u00fablico a partir de ma\u00f1ana viernes en las plataformas de Youtube.<\/p>\n<p style=\"text-align: justify;\">RD\u00c9 se erige como un ecosistema propicio para crear arte y contenido de alto valor, impulsando a la Rep\u00fablica Dominicana como un referente cultural a nivel global. El evento fue un verdadero tributo a la creatividad y al arte, dejando a todos los presentes con una sensaci\u00f3n de orgullo y emoci\u00f3n por lo que est\u00e1 por venir.<\/p>\n<p>&nbsp;<\/p>\n<p>Fuente: Renania Reyna<\/p>\n<p>&nbsp;<\/p>\n","protected":false},"excerpt":{"rendered":"<p>Santo Domingo. \u2013 En un evento sin precedentes, se present\u00f3 RD\u00c9, un innovador ecosistema cultural<\/p>\n","protected":false},"author":4,"featured_media":25665,"comment_status":"open","ping_status":"open","sticky":false,"template":"","format":"standard","meta":{"footnotes":""},"categories":[6],"tags":[],"class_list":["post-25664","post","type-post","status-publish","format-standard","has-post-thumbnail","hentry","category-espectaculos"],"_links":{"self":[{"href":"https:\/\/laverdadpublica.com\/index.php\/wp-json\/wp\/v2\/posts\/25664","targetHints":{"allow":["GET"]}}],"collection":[{"href":"https:\/\/laverdadpublica.com\/index.php\/wp-json\/wp\/v2\/posts"}],"about":[{"href":"https:\/\/laverdadpublica.com\/index.php\/wp-json\/wp\/v2\/types\/post"}],"author":[{"embeddable":true,"href":"https:\/\/laverdadpublica.com\/index.php\/wp-json\/wp\/v2\/users\/4"}],"replies":[{"embeddable":true,"href":"https:\/\/laverdadpublica.com\/index.php\/wp-json\/wp\/v2\/comments?post=25664"}],"version-history":[{"count":1,"href":"https:\/\/laverdadpublica.com\/index.php\/wp-json\/wp\/v2\/posts\/25664\/revisions"}],"predecessor-version":[{"id":25666,"href":"https:\/\/laverdadpublica.com\/index.php\/wp-json\/wp\/v2\/posts\/25664\/revisions\/25666"}],"wp:featuredmedia":[{"embeddable":true,"href":"https:\/\/laverdadpublica.com\/index.php\/wp-json\/wp\/v2\/media\/25665"}],"wp:attachment":[{"href":"https:\/\/laverdadpublica.com\/index.php\/wp-json\/wp\/v2\/media?parent=25664"}],"wp:term":[{"taxonomy":"category","embeddable":true,"href":"https:\/\/laverdadpublica.com\/index.php\/wp-json\/wp\/v2\/categories?post=25664"},{"taxonomy":"post_tag","embeddable":true,"href":"https:\/\/laverdadpublica.com\/index.php\/wp-json\/wp\/v2\/tags?post=25664"}],"curies":[{"name":"wp","href":"https:\/\/api.w.org\/{rel}","templated":true}]}}