{"id":26030,"date":"2024-09-13T03:10:12","date_gmt":"2024-09-13T03:10:12","guid":{"rendered":"https:\/\/laverdadpublica.com\/?p=26030"},"modified":"2024-09-13T03:10:12","modified_gmt":"2024-09-13T03:10:12","slug":"carolina-mejia-sera-nombrada-como-la-alcaldesa-mas-activa-del-mundo-en-el-marco-del-fin-de-semana-del-bienestar","status":"publish","type":"post","link":"https:\/\/laverdadpublica.com\/index.php\/2024\/09\/13\/carolina-mejia-sera-nombrada-como-la-alcaldesa-mas-activa-del-mundo-en-el-marco-del-fin-de-semana-del-bienestar\/","title":{"rendered":"Carolina Mej\u00eda ser\u00e1 nombrada como la alcaldesa m\u00e1s activa del mundo en el marco del Fin de Semana del Bienestar"},"content":{"rendered":"<blockquote>\n<p style=\"text-align: justify;\">RD ser\u00e1 el pa\u00eds con mayor cantidad de actividades y SD la ciudad mejor posicionada en wellness<\/p>\n<\/blockquote>\n<p style=\"text-align: justify;\">Santo Domingo, DN &#8211; Carolina Mej\u00eda recibir\u00e1 un reconocimiento como la alcaldesa m\u00e1s activa del mundo, en el marco de la celebraci\u00f3n del World Wellness Weekend (WWW).<\/p>\n<p style=\"text-align: justify;\">Un total de 165 pa\u00edses desarrollar\u00e1n el denominado Fin de Semana del Bienestar, siendo Rep\u00fablica Dominicana la naci\u00f3n con mayor cantidad de actividades. En ese sentido, <strong><em>Santo Domingo resalta entre las 2,850 urbes como la ciudad mejor posicionada a nivel mundial en el tema<\/em><\/strong><\/p>\n<p style=\"text-align: justify;\">La alcaldesa Mej\u00eda afirm\u00f3 que se siente honrada poder aportar en este esfuerzo conjunto en el que el bienestar es la meta principal, proyectando a Santo Domingo como ciudad destino para el wellness, regl\u00f3n en el que ha venido obteniendo reconocimientos.<\/p>\n<blockquote>\n<p style=\"text-align: justify;\">\u201cEs un gran logro que podamos hacer durante todo un fin de semana tantas actividades para ni\u00f1os, adultos y sus mascotas, porque sabemos que esto se transforma en bienestar para los capitale\u00f1os. Precisamente, esa es la visi\u00f3n con la que estamos comprometidos y en la que continuamos avanzando cada d\u00eda por amor a Santo Domingo\u201d, expres\u00f3.<\/p>\n<\/blockquote>\n<p style=\"text-align: justify;\">Flavio Acu\u00f1a, embajador del WWW en Rep\u00fablica Dominicana, ofreci\u00f3 los detalles del evento que ser\u00e1 llevado a cabo del 20 al 22 de septiembre, con actividades como zumba, yoga, manualidades, pintura, oraci\u00f3n, lectura y jornadas de inclusi\u00f3n.<\/p>\n<p style=\"text-align: justify;\">Adem\u00e1s, limpieza de playa, recorridos en bicicletas, caminatas, festival de mascotas, crossfit, concursos de baile, ba\u00f1os de manguera con los Bomberos del DN, baloncesto, b\u00e9isbol, entre muchas otras actividades.<\/p>\n<p style=\"text-align: justify;\">El ayuntamiento ha puesto a disposici\u00f3n parques y otros espacios p\u00fablicos para la realizaci\u00f3n de m\u00e1s de mil actividades que se realizar\u00e1n en el marco del Fin de Semana del Bienestar.<\/p>\n<p style=\"text-align: justify;\">La Alcald\u00eda del Distrito Nacional ha abrazado el tema de la inclusi\u00f3n, y en conjunto con la Asociaci\u00f3n Popular de Ahorros y Pr\u00e9stamos, rehabilit\u00f3 20 intersecciones de alto tr\u00e1nsito, con la finalidad de contribuir a la movilidad segura e inclusiva, factor imprescindible para el bienestar.<\/p>\n<p>Fuente:Alcald\u00eda del Distrito Nacional<\/p>\n","protected":false},"excerpt":{"rendered":"<p>RD ser\u00e1 el pa\u00eds con mayor cantidad de actividades y SD la ciudad mejor posicionada<\/p>\n","protected":false},"author":4,"featured_media":26031,"comment_status":"open","ping_status":"open","sticky":false,"template":"","format":"standard","meta":{"footnotes":""},"categories":[7],"tags":[],"class_list":["post-26030","post","type-post","status-publish","format-standard","has-post-thumbnail","hentry","category-nacionales"],"_links":{"self":[{"href":"https:\/\/laverdadpublica.com\/index.php\/wp-json\/wp\/v2\/posts\/26030","targetHints":{"allow":["GET"]}}],"collection":[{"href":"https:\/\/laverdadpublica.com\/index.php\/wp-json\/wp\/v2\/posts"}],"about":[{"href":"https:\/\/laverdadpublica.com\/index.php\/wp-json\/wp\/v2\/types\/post"}],"author":[{"embeddable":true,"href":"https:\/\/laverdadpublica.com\/index.php\/wp-json\/wp\/v2\/users\/4"}],"replies":[{"embeddable":true,"href":"https:\/\/laverdadpublica.com\/index.php\/wp-json\/wp\/v2\/comments?post=26030"}],"version-history":[{"count":1,"href":"https:\/\/laverdadpublica.com\/index.php\/wp-json\/wp\/v2\/posts\/26030\/revisions"}],"predecessor-version":[{"id":26032,"href":"https:\/\/laverdadpublica.com\/index.php\/wp-json\/wp\/v2\/posts\/26030\/revisions\/26032"}],"wp:featuredmedia":[{"embeddable":true,"href":"https:\/\/laverdadpublica.com\/index.php\/wp-json\/wp\/v2\/media\/26031"}],"wp:attachment":[{"href":"https:\/\/laverdadpublica.com\/index.php\/wp-json\/wp\/v2\/media?parent=26030"}],"wp:term":[{"taxonomy":"category","embeddable":true,"href":"https:\/\/laverdadpublica.com\/index.php\/wp-json\/wp\/v2\/categories?post=26030"},{"taxonomy":"post_tag","embeddable":true,"href":"https:\/\/laverdadpublica.com\/index.php\/wp-json\/wp\/v2\/tags?post=26030"}],"curies":[{"name":"wp","href":"https:\/\/api.w.org\/{rel}","templated":true}]}}