{"id":26313,"date":"2024-09-16T13:16:59","date_gmt":"2024-09-16T13:16:59","guid":{"rendered":"https:\/\/laverdadpublica.com\/?p=26313"},"modified":"2024-09-16T13:16:59","modified_gmt":"2024-09-16T13:16:59","slug":"rusking-pimentel-nombrado-senior-advisor-del-distrito-congresual-13-de-nueva-york","status":"publish","type":"post","link":"https:\/\/laverdadpublica.com\/index.php\/2024\/09\/16\/rusking-pimentel-nombrado-senior-advisor-del-distrito-congresual-13-de-nueva-york\/","title":{"rendered":"Rusking Pimentel Nombrado \u00abSenior Advisor\u00bb del Distrito Congresual 13 de Nueva York."},"content":{"rendered":"<p style=\"text-align: justify;\">Nueva York, NY \u2013 El congresista Adriano Espaillat (NY-13) ha anunciado el nombramiento de Rusking Pimentel como Asesor Principal de su oficina congresional, a partir del 16 de septiembre de 2024. Esta incorporaci\u00f3n refuerza el compromiso del congresista de continuar desarrollando un equipo fuerte y capacitado para atender las necesidades del distrito y abordar las complejidades de las pol\u00edticas p\u00fablicas.<\/p>\n<blockquote>\n<p style=\"text-align: justify;\">\u00abEs un honor dar la bienvenida a Rusking Pimentel a nuestro equipo,\u00bb expres\u00f3 el representante Espaillat. \u00abSu amplia experiencia en medios de comunicaci\u00f3n y pol\u00edticas p\u00fablicas, junto con su dedicaci\u00f3n al servicio de nuestras comunidades, ser\u00e1 clave para avanzar en nuestra agenda legislativa y abogar por las necesidades de nuestros electores. Su conocimiento y compromiso ser\u00e1n un valioso aporte.\u00bb<\/p>\n<\/blockquote>\n<p style=\"text-align: justify;\">Pimentel es un reconocido especialista en medios, con una s\u00f3lida trayectoria en pol\u00edticas p\u00fablicas y gobernanza. Su carrera abarca diversas disciplinas, como comunicaciones estrat\u00e9gicas, gesti\u00f3n p\u00fablica y an\u00e1lisis forense digital. Es licenciado en Administraci\u00f3n de Empresas con especializaci\u00f3n en Gesti\u00f3n, y posee una Maestr\u00eda en Ciencias del Marketing, adem\u00e1s de una Maestr\u00eda en Forense Digital e Investigaciones. Actualmente, est\u00e1 cursando un Doctorado en Administraci\u00f3n P\u00fablica.<\/p>\n<p style=\"text-align: justify;\">El nombramiento de Rusking Pimentel subraya la constante dedicaci\u00f3n del congresista Espaillat a contar con profesionales de alto nivel que puedan contribuir de manera significativa al desarrollo del distrito y al progreso de la comunidad.<\/p>\n<p>Fuente: Mario Lara<\/p>\n","protected":false},"excerpt":{"rendered":"<p>Nueva York, NY \u2013 El congresista Adriano Espaillat (NY-13) ha anunciado el nombramiento de Rusking<\/p>\n","protected":false},"author":1,"featured_media":26314,"comment_status":"open","ping_status":"open","sticky":false,"template":"","format":"standard","meta":{"footnotes":""},"categories":[16],"tags":[],"class_list":["post-26313","post","type-post","status-publish","format-standard","has-post-thumbnail","hentry","category-internacionales"],"_links":{"self":[{"href":"https:\/\/laverdadpublica.com\/index.php\/wp-json\/wp\/v2\/posts\/26313","targetHints":{"allow":["GET"]}}],"collection":[{"href":"https:\/\/laverdadpublica.com\/index.php\/wp-json\/wp\/v2\/posts"}],"about":[{"href":"https:\/\/laverdadpublica.com\/index.php\/wp-json\/wp\/v2\/types\/post"}],"author":[{"embeddable":true,"href":"https:\/\/laverdadpublica.com\/index.php\/wp-json\/wp\/v2\/users\/1"}],"replies":[{"embeddable":true,"href":"https:\/\/laverdadpublica.com\/index.php\/wp-json\/wp\/v2\/comments?post=26313"}],"version-history":[{"count":1,"href":"https:\/\/laverdadpublica.com\/index.php\/wp-json\/wp\/v2\/posts\/26313\/revisions"}],"predecessor-version":[{"id":26315,"href":"https:\/\/laverdadpublica.com\/index.php\/wp-json\/wp\/v2\/posts\/26313\/revisions\/26315"}],"wp:featuredmedia":[{"embeddable":true,"href":"https:\/\/laverdadpublica.com\/index.php\/wp-json\/wp\/v2\/media\/26314"}],"wp:attachment":[{"href":"https:\/\/laverdadpublica.com\/index.php\/wp-json\/wp\/v2\/media?parent=26313"}],"wp:term":[{"taxonomy":"category","embeddable":true,"href":"https:\/\/laverdadpublica.com\/index.php\/wp-json\/wp\/v2\/categories?post=26313"},{"taxonomy":"post_tag","embeddable":true,"href":"https:\/\/laverdadpublica.com\/index.php\/wp-json\/wp\/v2\/tags?post=26313"}],"curies":[{"name":"wp","href":"https:\/\/api.w.org\/{rel}","templated":true}]}}