{"id":26405,"date":"2024-09-16T00:35:56","date_gmt":"2024-09-16T00:35:56","guid":{"rendered":"https:\/\/laverdadpublica.com\/?p=26405"},"modified":"2024-09-17T00:38:52","modified_gmt":"2024-09-17T00:38:52","slug":"centro-regional-de-instruccion-en-seguridad-de-la-aviacion-civil-astc-esacconcluye-curso-seguridad-en-carga-y-correo-aereo","status":"publish","type":"post","link":"https:\/\/laverdadpublica.com\/index.php\/2024\/09\/16\/centro-regional-de-instruccion-en-seguridad-de-la-aviacion-civil-astc-esacconcluye-curso-seguridad-en-carga-y-correo-aereo\/","title":{"rendered":"Centro Regional de Instrucci\u00f3n en Seguridad de la Aviaci\u00f3n Civil (ASTC-ESAC)concluye curso: seguridad en carga y correo a\u00e9reo"},"content":{"rendered":"<p style=\"text-align: justify;\">Por Feliz Rubio<\/p>\n<p style=\"text-align: justify;\">El Cuerpo Especializado en Seguridad Aeroportuaria y de la Aviaci\u00f3n Civil (CESAC) celebr\u00f3 la ceremonia de clausura del curso internacional de Seguridad de la Carga y Correo A\u00e9reo que imparti\u00f3 el Centro Regional de Instrucci\u00f3n en Seguridad de la Aviaci\u00f3n Civil (ASTC-ESAC).<\/p>\n<p style=\"text-align: justify;\">Este curso, inaugurado por el general de brigada piloto Enmanuel Souffront Tamayo, FARD, director general del CESAC, se centr\u00f3 en la capacitaci\u00f3n del personal de terminales aeroportuarias nacionales e internacionales en la implementaci\u00f3n de medidas de seguridad AVSEC (Aviation Security) conforme a est\u00e1ndares globales.<\/p>\n<p style=\"text-align: justify;\">El evento de cierre fue presidido por el coronel Dionisio De La Rosa Hern\u00e1ndez, FARD (DEM), subdirector general del CESAC, en representaci\u00f3n del Director General. Acompa\u00f1aron en el acto el coronel piloto Manuel de Jes\u00fas G\u00f3mez Portorreal, FARD (DEM), director de la ESAC, y los instructores de la Organizaci\u00f3n de Aviaci\u00f3n Civil Internacional (OACI), Ricardo Delgado (Bolivia) e Isai Hern\u00e1ndez (M\u00e9xico), quienes jugaron un rol fundamental en el desarrollo del curso.<\/p>\n<p style=\"text-align: justify;\">Durante la ceremonia, se entregaron certificados a los participantes, incluyendo una menci\u00f3n especial para los estudiantes internacionales. En representaci\u00f3n del grupo, la se\u00f1ora Samm\u00e1 Bland\u00f3n Flores, procedente de Honduras, expres\u00f3 su agradecimiento por la capacitaci\u00f3n recibida, destacando su impacto positivo en la seguridad aeroportuaria en sus respectivos pa\u00edses.<\/p>\n<p style=\"text-align: justify;\">El Director de la ESAC exhort\u00f3:<\/p>\n<blockquote>\n<p style=\"text-align: justify;\">\u00abLes pido que al regresar a sus puestos de trabajo pongan en practica estos conocimientos y se constituyan en multiplicadores de los mismos para contribuir al fortalecimiento de ese ambiente seguro, necesario para el desarrollo de la aviaci\u00f3n civil, tal como lo establece el convenio de Chicago de 1944 y su anexo 17 sobre Seguridad, Protecci\u00f3n de la Aviaci\u00f3n Civil contra actos de interferencia il\u00edcita.\u00bb<\/p>\n<\/blockquote>\n<p>&nbsp;<\/p>\n<p>&nbsp;<\/p>\n<p>Fuente: Prensa CESAC<\/p>\n","protected":false},"excerpt":{"rendered":"<p>Por Feliz Rubio El Cuerpo Especializado en Seguridad Aeroportuaria y de la Aviaci\u00f3n Civil (CESAC)<\/p>\n","protected":false},"author":1,"featured_media":26407,"comment_status":"open","ping_status":"open","sticky":false,"template":"","format":"standard","meta":{"footnotes":""},"categories":[7],"tags":[],"class_list":["post-26405","post","type-post","status-publish","format-standard","has-post-thumbnail","hentry","category-nacionales"],"_links":{"self":[{"href":"https:\/\/laverdadpublica.com\/index.php\/wp-json\/wp\/v2\/posts\/26405","targetHints":{"allow":["GET"]}}],"collection":[{"href":"https:\/\/laverdadpublica.com\/index.php\/wp-json\/wp\/v2\/posts"}],"about":[{"href":"https:\/\/laverdadpublica.com\/index.php\/wp-json\/wp\/v2\/types\/post"}],"author":[{"embeddable":true,"href":"https:\/\/laverdadpublica.com\/index.php\/wp-json\/wp\/v2\/users\/1"}],"replies":[{"embeddable":true,"href":"https:\/\/laverdadpublica.com\/index.php\/wp-json\/wp\/v2\/comments?post=26405"}],"version-history":[{"count":1,"href":"https:\/\/laverdadpublica.com\/index.php\/wp-json\/wp\/v2\/posts\/26405\/revisions"}],"predecessor-version":[{"id":26406,"href":"https:\/\/laverdadpublica.com\/index.php\/wp-json\/wp\/v2\/posts\/26405\/revisions\/26406"}],"wp:featuredmedia":[{"embeddable":true,"href":"https:\/\/laverdadpublica.com\/index.php\/wp-json\/wp\/v2\/media\/26407"}],"wp:attachment":[{"href":"https:\/\/laverdadpublica.com\/index.php\/wp-json\/wp\/v2\/media?parent=26405"}],"wp:term":[{"taxonomy":"category","embeddable":true,"href":"https:\/\/laverdadpublica.com\/index.php\/wp-json\/wp\/v2\/categories?post=26405"},{"taxonomy":"post_tag","embeddable":true,"href":"https:\/\/laverdadpublica.com\/index.php\/wp-json\/wp\/v2\/tags?post=26405"}],"curies":[{"name":"wp","href":"https:\/\/api.w.org\/{rel}","templated":true}]}}