{"id":26417,"date":"2024-09-15T00:57:04","date_gmt":"2024-09-15T00:57:04","guid":{"rendered":"https:\/\/laverdadpublica.com\/?p=26417"},"modified":"2024-09-17T00:58:16","modified_gmt":"2024-09-17T00:58:16","slug":"refuerzan-operativos-contra-el-microtrafico-y-sacan-mas-de-205-mil-gramos","status":"publish","type":"post","link":"https:\/\/laverdadpublica.com\/index.php\/2024\/09\/15\/refuerzan-operativos-contra-el-microtrafico-y-sacan-mas-de-205-mil-gramos\/","title":{"rendered":"Refuerzan operativos contra el microtr\u00e1fico y sacan m\u00e1s de 205 mil gramos"},"content":{"rendered":"<p style=\"text-align: justify;\">Santo Domingo.- Dando continuidad a su firme misi\u00f3n de perseguir y enfrentar el microtr\u00e1fico de sustancias controladas, agentes de la Direcci\u00f3n Nacional de Control de Drogas (DNCD) y miembros del Ministerio P\u00fablico, reforzaron sus acciones conjuntas a nivel nacional, logrando sacar de las calles m\u00e1s de 205.000 gramos de distintos narc\u00f3ticos.<\/p>\n<p style=\"text-align: justify;\">En m\u00faltiples operativos y unos 76 allanamientos, las autoridades arrestaron a 973 personas y confiscaron 153, 527 gramos de coca\u00edna, 47,676 de marihuana, 4, 600 de crack, 82 gramos de hach\u00eds, 08 de metanfetaminas, 175 pastillas de \u00e9xtasis y 46 matas de marihuana, para un total de 205, 894 gramos.<\/p>\n<p style=\"text-align: justify;\">Se ocuparon adem\u00e1s, 08 armas de fuego, 42 machetes y cuchillos, 04 veh\u00edculos, 52 motocicletas, 240 celulares, 30 radios de comunicaci\u00f3n, 79 balanzas, 01 chaleco antibalas, 07 tragamonedas, RD $ 583,228 pesos dominicanos, US $ 5, 667 d\u00f3lares estadounidenses, entre otras evidencias.<\/p>\n<p style=\"text-align: justify;\">Las operaciones de interdicci\u00f3n conjunta, en contra del tr\u00e1fico il\u00edcito de drogas, se han redoblado en todo el territorio nacional, como parte de las nuevas estrategias en el combate y persecuci\u00f3n al microtr\u00e1fico de sustancias narc\u00f3ticas.<\/p>\n<p style=\"text-align: justify;\"><strong>Detienen reconocido microtraficante en La Vega <\/strong><\/p>\n<p style=\"text-align: justify;\">Oficiales de la DNCD y miembros del Ministerio P\u00fablico apresaron a Pedro Heriberto N\u00fa\u00f1ez Montero (Ma\u00f1ano), se\u00f1alado como uno de los principales distribuidores de drogas en la provincia de La Vega.<\/p>\n<p style=\"text-align: justify;\">Durante un allanamiento (2024-AJ0016189), realizado en una vivienda sin n\u00famero, del sector Barrio Inco, donde reside alias Ma\u00f1ano, ocuparon frente a la cama de la habitaci\u00f3n, dentro de una especie de ba\u00fal, un medio conteniendo en su interior una funda pl\u00e1stico, con setenta y dos (72) porciones presumiblemente de coca\u00edna, con un peso aproximado a los 245 gramos.<\/p>\n<p style=\"text-align: justify;\">En el allanamiento se incaut\u00f3 adem\u00e1s un cuchillo tipo Rambo, un celular y otras evidencias.<\/p>\n<p style=\"text-align: justify;\">El detenido est\u00e1 bajo el control de la Jurisdicci\u00f3n de Atenci\u00f3n Permanente de La Vega para conocerle medidas de coerci\u00f3n en las pr\u00f3ximas horas por violaci\u00f3n a la ley 50-88, sobre drogas y sustancias controladas.<\/p>\n<p style=\"text-align: justify;\"><strong>Desmantelan plantaci\u00f3n Marihuana en Jarabacoa<\/strong><\/p>\n<p style=\"text-align: justify;\">En una labor de seguimiento e inteligencia, agentes de la DNCD, coordinados por el Ministerio P\u00fablico, desmantelaron una plantaci\u00f3n de marihuana en el paraje Las Ca\u00f1as, sector Corocito, municipio de Jarabacoa, provincia de La Vega.<\/p>\n<p style=\"text-align: justify;\">Los equipos operativos, tras recibir informes, se trasladaron a realizar un allanamiento en una vivienda de la referida localidad, donde supuestamente, un tal Tico se estaba dedicando al cultivo y venta de marihuana.<\/p>\n<p style=\"text-align: justify;\">Al llegar al lugar, varios individuos al notar la presencia de las unidades accionantes, emprendieron la huida y tras inspeccionar el lugar, se confiscaron 56 plantas de marihuana, de diversos tama\u00f1os, una escopeta, un cartucho y una radio de comunicaci\u00f3n.<\/p>\n<blockquote>\n<p style=\"text-align: justify;\"><strong><em>El Ministerio P\u00fablico y la DNCD profundizan las investigaciones en relaci\u00f3n al caso.\u00a0<\/em><\/strong><\/p>\n<\/blockquote>\n<p>&nbsp;<\/p>\n<p>&nbsp;<\/p>\n<p>Fuente: Prensa \u00danica RD<\/p>\n","protected":false},"excerpt":{"rendered":"<p>Santo Domingo.- Dando continuidad a su firme misi\u00f3n de perseguir y enfrentar el microtr\u00e1fico de<\/p>\n","protected":false},"author":1,"featured_media":26418,"comment_status":"open","ping_status":"open","sticky":false,"template":"","format":"standard","meta":{"footnotes":""},"categories":[7],"tags":[],"class_list":["post-26417","post","type-post","status-publish","format-standard","has-post-thumbnail","hentry","category-nacionales"],"_links":{"self":[{"href":"https:\/\/laverdadpublica.com\/index.php\/wp-json\/wp\/v2\/posts\/26417","targetHints":{"allow":["GET"]}}],"collection":[{"href":"https:\/\/laverdadpublica.com\/index.php\/wp-json\/wp\/v2\/posts"}],"about":[{"href":"https:\/\/laverdadpublica.com\/index.php\/wp-json\/wp\/v2\/types\/post"}],"author":[{"embeddable":true,"href":"https:\/\/laverdadpublica.com\/index.php\/wp-json\/wp\/v2\/users\/1"}],"replies":[{"embeddable":true,"href":"https:\/\/laverdadpublica.com\/index.php\/wp-json\/wp\/v2\/comments?post=26417"}],"version-history":[{"count":1,"href":"https:\/\/laverdadpublica.com\/index.php\/wp-json\/wp\/v2\/posts\/26417\/revisions"}],"predecessor-version":[{"id":26419,"href":"https:\/\/laverdadpublica.com\/index.php\/wp-json\/wp\/v2\/posts\/26417\/revisions\/26419"}],"wp:featuredmedia":[{"embeddable":true,"href":"https:\/\/laverdadpublica.com\/index.php\/wp-json\/wp\/v2\/media\/26418"}],"wp:attachment":[{"href":"https:\/\/laverdadpublica.com\/index.php\/wp-json\/wp\/v2\/media?parent=26417"}],"wp:term":[{"taxonomy":"category","embeddable":true,"href":"https:\/\/laverdadpublica.com\/index.php\/wp-json\/wp\/v2\/categories?post=26417"},{"taxonomy":"post_tag","embeddable":true,"href":"https:\/\/laverdadpublica.com\/index.php\/wp-json\/wp\/v2\/tags?post=26417"}],"curies":[{"name":"wp","href":"https:\/\/api.w.org\/{rel}","templated":true}]}}