{"id":26552,"date":"2024-09-18T14:53:37","date_gmt":"2024-09-18T14:53:37","guid":{"rendered":"https:\/\/laverdadpublica.com\/?p=26552"},"modified":"2024-09-18T14:53:37","modified_gmt":"2024-09-18T14:53:37","slug":"celso-marranzini-sobre-miguel-mejia-yo-lo-notifique-por-acto-alguacil-no-quiso-recibirlo","status":"publish","type":"post","link":"https:\/\/laverdadpublica.com\/index.php\/2024\/09\/18\/celso-marranzini-sobre-miguel-mejia-yo-lo-notifique-por-acto-alguacil-no-quiso-recibirlo\/","title":{"rendered":"Celso Marranzini sobre Miguel Mej\u00eda: \u00abyo lo notifique por acto alguacil, no quiso recibirlo\u00bb"},"content":{"rendered":"<header class=\"entry-header\"><\/header>\n<div class=\"entry-content\">\n<div class=\"st-btn st-last st-remove-label\" style=\"text-align: justify;\" data-network=\"whatsapp\"><strong>SANTO DOMINGO.-<\/strong>\u00a0El presidente del Consejo Unificado de las Empresas Distribuidoras de Electricidad, Celso Marranzini, confirm\u00f3 que ha notificado legalmente a Miguel Mej\u00eda, afirmando: \u201cYo lo notifiqu\u00e9 por acto alguacil, no quiso recibirlo\u201d, por comentarios supuestamente difamatorios que realiz\u00f3 el dirigente pol\u00edtico en su contra.<\/div>\n<div id=\"advads-754903652\" class=\"advads-content-first-paragraph\">Marranzini expres\u00f3 su disposici\u00f3n de resolver el conflicto de manera legal si es necesario.<\/div>\n<p style=\"text-align: justify;\">Enfatiz\u00f3 que existen dos caminos en situaciones como esta: \u201cretractarse de los comentarios realizados o enfrentar las consecuencias legales\u201d. Si bien Mej\u00eda no acept\u00f3 la notificaci\u00f3n, Marranzini afirm\u00f3 que el procedimiento legal puede continuar a trav\u00e9s de los tribunales.<\/p>\n<div id=\"advads-1361809436\" class=\"advads-content-middle\">\n<div id=\"advads-636475849\" data-advads-trackid=\"191518\" data-advads-trackbid=\"1\">Se recuerda que Miguel Mej\u00eda, ministro para Pol\u00edticas de Integraci\u00f3n Regional y secretario general del Movimiento Izquierda Unida, ha realizado fuertes declaraciones sobre la situaci\u00f3n actual del sistema el\u00e9ctrico.<\/div>\n<\/div>\n<p style=\"text-align: justify;\">Mej\u00eda mencion\u00f3 a Celso Manrrazini, a quien acus\u00f3 de operar de manera poco \u00e9tica al vender energ\u00eda sin producirla. \u201cEste se\u00f1or le debe a la Corporaci\u00f3n Dominicana de Empresas El\u00e9ctricas Estatales (CDEEE) 105 millones de pesos\u201d, afirm\u00f3 Mej\u00eda, enfatizando que esto no es solo un problema econ\u00f3mico, sino tambi\u00e9n mora.<\/p>\n<p style=\"text-align: justify;\"><strong>Reflexi\u00f3n sobre el Servicio P\u00fablico<\/strong><\/p>\n<p style=\"text-align: justify;\">Marranzini reflexion\u00f3 sobre el sacrificio que implica el servicio p\u00fablico. \u201cVale la pena quitarse horas de su negocio privado para dedicarla al servicio p\u00fablico, a pesar de todos los ataques\u201d, afirm\u00f3. Resalt\u00f3 su compromiso con el pa\u00eds, enfatizando que no busca un salario ni un puesto p\u00fablico, sino contribuir a la mejora del sector el\u00e9ctrico y de la naci\u00f3n en general.<\/p>\n<p style=\"text-align: justify;\">Destac\u00f3 la importancia de la involucraci\u00f3n de los empresarios en la pol\u00edtica y el servicio p\u00fablico, citando ejemplos de crisis en pa\u00edses vecinos donde la falta de participaci\u00f3n empresarial ha llevado al fracaso.\u00a0<strong><em>\u201cParte del \u00e9xito de la Rep\u00fablica Dominicana es la forma en que los empresarios han respondido en momentos de crisis\u201d,<\/em><\/strong>\u00a0a\u00f1adi\u00f3.<\/p>\n<p style=\"text-align: justify;\"><strong>Compromiso Continuo<\/strong><\/p>\n<p style=\"text-align: justify;\">Concluyendo su entrevista para Telenoticias emisi\u00f3n estelar, Marranzini reafirm\u00f3 su intenci\u00f3n de seguir dando lo mejor de s\u00ed mismo al pa\u00eds.\u00a0<strong><em>\u201cNo soy el mejor gerente, pero hago lo que puedo, y eso es lo que espero dejar a mis hijos y nietos\u201d<\/em><\/strong>, expres\u00f3, reiterando su deseo de contribuir positivamente al futuro de la Rep\u00fablica Dominicana.<\/p>\n<\/div>\n<p>Fuente: RC Noticias<\/p>\n","protected":false},"excerpt":{"rendered":"<p>SANTO DOMINGO.-\u00a0El presidente del Consejo Unificado de las Empresas Distribuidoras de Electricidad, Celso Marranzini, confirm\u00f3<\/p>\n","protected":false},"author":1,"featured_media":26553,"comment_status":"open","ping_status":"open","sticky":false,"template":"","format":"standard","meta":{"footnotes":""},"categories":[7],"tags":[],"class_list":["post-26552","post","type-post","status-publish","format-standard","has-post-thumbnail","hentry","category-nacionales"],"_links":{"self":[{"href":"https:\/\/laverdadpublica.com\/index.php\/wp-json\/wp\/v2\/posts\/26552","targetHints":{"allow":["GET"]}}],"collection":[{"href":"https:\/\/laverdadpublica.com\/index.php\/wp-json\/wp\/v2\/posts"}],"about":[{"href":"https:\/\/laverdadpublica.com\/index.php\/wp-json\/wp\/v2\/types\/post"}],"author":[{"embeddable":true,"href":"https:\/\/laverdadpublica.com\/index.php\/wp-json\/wp\/v2\/users\/1"}],"replies":[{"embeddable":true,"href":"https:\/\/laverdadpublica.com\/index.php\/wp-json\/wp\/v2\/comments?post=26552"}],"version-history":[{"count":1,"href":"https:\/\/laverdadpublica.com\/index.php\/wp-json\/wp\/v2\/posts\/26552\/revisions"}],"predecessor-version":[{"id":26554,"href":"https:\/\/laverdadpublica.com\/index.php\/wp-json\/wp\/v2\/posts\/26552\/revisions\/26554"}],"wp:featuredmedia":[{"embeddable":true,"href":"https:\/\/laverdadpublica.com\/index.php\/wp-json\/wp\/v2\/media\/26553"}],"wp:attachment":[{"href":"https:\/\/laverdadpublica.com\/index.php\/wp-json\/wp\/v2\/media?parent=26552"}],"wp:term":[{"taxonomy":"category","embeddable":true,"href":"https:\/\/laverdadpublica.com\/index.php\/wp-json\/wp\/v2\/categories?post=26552"},{"taxonomy":"post_tag","embeddable":true,"href":"https:\/\/laverdadpublica.com\/index.php\/wp-json\/wp\/v2\/tags?post=26552"}],"curies":[{"name":"wp","href":"https:\/\/api.w.org\/{rel}","templated":true}]}}