{"id":26828,"date":"2024-09-20T16:22:12","date_gmt":"2024-09-20T16:22:12","guid":{"rendered":"https:\/\/laverdadpublica.com\/?p=26828"},"modified":"2024-09-20T16:27:01","modified_gmt":"2024-09-20T16:27:01","slug":"rd-de-llegar-tarde-a-la-legislacion-ambiental-a-marcar-la-pauta-en-accion-climatica","status":"publish","type":"post","link":"https:\/\/laverdadpublica.com\/index.php\/2024\/09\/20\/rd-de-llegar-tarde-a-la-legislacion-ambiental-a-marcar-la-pauta-en-accion-climatica\/","title":{"rendered":"RD: de llegar tarde a la legislaci\u00f3n ambiental a marcar la pauta en acci\u00f3n clim\u00e1tica"},"content":{"rendered":"<p style=\"text-align: justify;\">Santo Domingo \u2013 Al celebrarse este viernes 20 de septiembre el 16\u00ba aniversario de la creaci\u00f3n del Consejo Nacional para el Cambio Clim\u00e1tico y Mecanismo de Desarrollo Limpio (CNCCMDL), es de notar que pese a ser uno de los \u00faltimos pa\u00edses de Am\u00e9rica Latina y el Caribe en aprobar una Ley de Medio Ambiente y Recursos Naturales en el a\u00f1o 2000 (Ley 64-00), hoy en d\u00eda Rep\u00fablica Dominicana es uno de los pa\u00edses en v\u00edas de desarrollo que lidera la acci\u00f3n clim\u00e1tica.<\/p>\n<p style=\"text-align: justify;\">Ese liderazgo se destaca tanto en el desarrollo de proyectos para la reducci\u00f3n de emisiones de gases de efecto invernadero como en las acciones para la adaptaci\u00f3n a los efectos negativos del cambio clim\u00e1tico, lo que resulta clave para el pa\u00eds.<\/p>\n<p style=\"text-align: justify;\">Como parte de esas medidas, el CNCCMDL obtuvo la aprobaci\u00f3n del Plan de Inversi\u00f3n para los 34 millones de d\u00f3lares (unos 2 mil millones de pesos dominicanos) que destinar\u00e1n los Fondos de Inversi\u00f3n para el Clima (CIF)para proteger la cuenca alta, media y baja del r\u00edo Yuna, lo que asegurar\u00e1 la producci\u00f3n de agua, la gesti\u00f3n adecuada del riego agr\u00edcola y la reducci\u00f3n de las inundaciones en el entorno de este importante afluente. Este proyecto ser\u00e1 implementado por el Ministerio de Medio Ambiente y Recursos Naturales.<\/p>\n<p style=\"text-align: justify;\">El mismo CIF tambi\u00e9n aprob\u00f3 85 millones de d\u00f3lares (Unos 5 mil 100 millones de pesos dominicanos) a trav\u00e9s de su programa de Aceleraci\u00f3n de la Transici\u00f3n del Carb\u00f3n, promovido por Consejo Nacional para el Cambio Clim\u00e1tico de la mano con el Ministerio de Energ\u00eda y Minas, para reducir de manera progresiva, la participaci\u00f3n de las plantas de carb\u00f3n en la generaci\u00f3n de energ\u00eda el\u00e9ctrica en el pa\u00eds.<\/p>\n<p style=\"text-align: justify;\">Este financiamiento est\u00e1 alineado con la adhesi\u00f3n de Rep\u00fablica Dominicana a la Alianza para Impulsar la Superaci\u00f3n del Carb\u00f3n (PPCA, por sus siglas en ingl\u00e9s), que lideran Reino Unido y Canad\u00e1 y que resulta clave para asegurar que no se construyan nuevas plantas el\u00e9ctricas a carb\u00f3n y se complete una transici\u00f3n justa y ordenada.<\/p>\n<p style=\"text-align: justify;\">Este proceso tambi\u00e9n seguir\u00e1 siendo apuntalado, luego que el CNCCMDL logr\u00f3 la admisi\u00f3n del pa\u00eds como uno de los 4 miembros piloto del programa de Aceleraci\u00f3n de la Transici\u00f3n Energ\u00e9tica (ETA, por sus siglas en ingl\u00e9s), iniciativa p\u00fablico-privada que podr\u00eda movilizar 72 mil y 207 mil millones de d\u00f3lares en financiaci\u00f3n de transici\u00f3n energ\u00e9tica justa para el a\u00f1o 2035.<\/p>\n<p style=\"text-align: justify;\">Este programa lo lidera el Gobierno de Estados Unidos junto a la Fundaci\u00f3n Rockefeller y el Fondo Bezos Earth (del fundador de Amazon, Jeff Bezos), con el apoyo de Winrock International y el Banco Mundial. Tambi\u00e9n participan grandes corporaciones globales como Amazon, Bank of America, Boston Consulting Group, Mastercard, McDonald&#8217;s, Morgan Stanley, PepsiCo, Salesforce, Schneider Electric, Standard Chartered Bank, Trane Technologies y Walmart.<\/p>\n<p style=\"text-align: justify;\">Una las pol\u00edticas clim\u00e1ticas que ha priorizado la Rep\u00fablica Dominicana a trav\u00e9s de su Contribuci\u00f3n Nacionalmente Determinada (NDC, por sus siglas en ingl\u00e9s) es la protecci\u00f3n de la ni\u00f1ez ante los efectos del cambio clim\u00e1tico.<\/p>\n<p style=\"text-align: justify;\">La estrecha colaboraci\u00f3n del CNCCMDL y la organizaci\u00f3n Save The Children permiti\u00f3 determinar un mapa de actores relevantes de la sociedad civil y organizaciones comunitarias para la ni\u00f1ez y la infancia, que llev\u00f3 a establecer una Pol\u00edtica de Cambio Clim\u00e1tico y Ni\u00f1ez para Rep\u00fablica Dominicana.<\/p>\n<p style=\"text-align: justify;\">A partir de esa pol\u00edtica, el Consejo Nacional para el Cambio Clim\u00e1tico y el Fondo de Naciones Unidas para la Ni\u00f1ez y la Infancia (UNICEF) firmaron un acuerdo de colaboraci\u00f3n que permitir\u00e1 que se realice en el pa\u00eds, el estudio \u201cSituaci\u00f3n de la infancia frente al cambio clim\u00e1tico, la degradaci\u00f3n ambiental, la energ\u00eda y la reducci\u00f3n de riesgos de desastres\u201d, en el que tambi\u00e9n participan el Consejo Nacional para la Ni\u00f1ez (CONANI), y el Instituto Nacional de Atenci\u00f3n a la Primera Infancia (INAIPI).<\/p>\n<p style=\"text-align: justify;\">Adem\u00e1s, se estableci\u00f3 el acuerdo de colaboraci\u00f3n entre el Ministerio de Educaci\u00f3n y el de Energ\u00eda y Minas, con la veedur\u00eda del CNCCMDL, para instalar paneles solares en los techos de m\u00e1s de 400 planteles escolares en todo el pa\u00eds, lo que permitir\u00e1 que todas las escuelas y liceostengan energ\u00eda el\u00e9ctrica.<\/p>\n<p style=\"text-align: justify;\">Hasta la fecha, estos paneles ya se han instalado y est\u00e1n en proceso de conexi\u00f3n y puesta en funcionamiento en m\u00e1s de 200 planteles escolares, que adem\u00e1s de poder alimentar l\u00e1mparas, bombillos, abanicos y computadoras, podr\u00e1n suministrar energ\u00eda el\u00e9ctrica a los entornos comunitarios, especialmente, los fines de semana y feriados.<\/p>\n<p style=\"text-align: justify;\">Otro proyecto de electrificaci\u00f3n comunitaria a partir de paneles solares es el que se desarrolla en Bohech\u00edo (San Juan), Padre Las Casas (Azua), La Gu\u00e1zara (Barahona), El Firme (Duarte) y Jacagua (Santiago), donde peque\u00f1as estaciones de paneles solares facilitar\u00e1n el bombeo de agua para uso dom\u00e9stico y riego agr\u00edcola, mejorando la calidad de vida e impulsando el desarrollo econ\u00f3mico y social de esas localidades.<\/p>\n<p style=\"text-align: justify;\">Este proyecto es financiado por la Uni\u00f3n Europea a trav\u00e9s del Centro de Cambio Clim\u00e1tico para los Pa\u00edses del Caribe (CCCCC, por sus siglas en ingl\u00e9s), que tambi\u00e9n financi\u00f3 la adquisici\u00f3n de tres estaciones hidrometeorol\u00f3gicas que fueron entregadas, en 2022, a la Oficina Nacional de Meteorolog\u00eda, hoy Indomet, para mejorar la capacidad de observaci\u00f3n y monitoreo de las condiciones del tiempo en el pa\u00eds y facilitar la prevenci\u00f3n y gesti\u00f3n de riesgos.<\/p>\n<p style=\"text-align: justify;\">Precisamente, para la prevenci\u00f3n y gesti\u00f3n de riesgos, el Consejo Nacional para el Cambio Clim\u00e1tico, como punto focal del pa\u00eds en la Coalici\u00f3n para el Desarrollo de Infraestructuras Resilientes (CDRI), logr\u00f3 que esa organizaci\u00f3n financie el desarrollo de una herramienta tecnol\u00f3gica que mejore las capacidades del Centro de Operaciones de Emergencia y los otros organismos del Estado para emitir y difundir alertas de posibles inundaciones u otros desastres, de manera directa e instant\u00e1nea a toda la poblaci\u00f3n.<\/p>\n<p style=\"text-align: justify;\">Este proyecto est\u00e1 siendo financiado por la CDRI a trav\u00e9s de su programa para la Infraestructura para Estados Insulares Resilientes (IRIS), el cual tambi\u00e9n est\u00e1 financiando, en paralelo, la iniciativa de \u201cFortalecimiento de las capacidades, la seguridad y la resiliencia de las infraestructuras cr\u00edticas en la Rep\u00fablica Dominicana, Cuba y Hait\u00ed\u201d, que formar\u00e1 una red de 45 profesionales formados y certificados en evaluaci\u00f3n de la seguridad y la resiliencia de las infraestructuras educativas y de abastecimiento de agua.<\/p>\n<p style=\"text-align: justify;\">Ambos proyectos est\u00e1n valorados en medio mill\u00f3n de d\u00f3lares cada uno, fondos no reembolsables que son aportados directamente a las instituciones implementadoras, como la Defensa Civil, el Indrhi, la Onesvie, entre otras. Esta iniciativa se alinea con el decreto presidencial 603-23, que crea la Comisi\u00f3n de Supervisi\u00f3n de Infraestructuras P\u00fablicas ante el Cambio Clim\u00e1tico.<\/p>\n<p style=\"text-align: justify;\">Otra entidad que est\u00e1 fortaleciendo las capacidades t\u00e9cnicas del pa\u00eds en temas vinculados al cambio clim\u00e1tico, es la Agencia Espa\u00f1ola de Cooperaci\u00f3n Internacional para el Desarrollo\u201d (AECID), que a trav\u00e9s del Proyecto \u201cGeneraci\u00f3n de Capacidades en la Administraci\u00f3n P\u00fablica para la Construcci\u00f3n de Resiliencia Clim\u00e1tica en los Sectores y Servicios Claves para la Poblaci\u00f3n\u201d, con un financiamiento no reembolsable superior a los 100 mil euros que permiti\u00f3 desarrollar el sistema de Monitoreo y Evaluaci\u00f3n para registrar los avances de los proyectos nacionales de adaptaci\u00f3n al cambio clim\u00e1tico.<\/p>\n<p style=\"text-align: justify;\">Todas estas iniciativas, vinculadas entre s\u00ed, muestran la visi\u00f3n integral y hol\u00edstica de Rep\u00fablica Dominicana ante el cambio clim\u00e1tico y sus efectos, lo que explica que el pa\u00eds est\u00e9 robusteciendo sus capacidades institucionales para gestionar los apoyos financieros internacionales y la organizaci\u00f3n intergubernamental que lidera el Consejo Nacional para el Cambio Clim\u00e1tico y Mecanismo de Desarrollo Limpio<\/p>\n<p style=\"text-align: justify;\">De hecho, el presidente Luis Abinader fue el primero en convocar una Reuni\u00f3n Plenaria de las autoridades que forman parte del CNCCMDL, encuentro que se realiz\u00f3 en octubre de 2020 y que tuvo su segunda edici\u00f3n en abril de 2023, en la cual lanz\u00f3 propuso un gran pacto entre el gobierno, partidos pol\u00edticos y dem\u00e1s sectores de la sociedad.<\/p>\n<p style=\"text-align: justify;\">El presidente Abinader tambi\u00e9n emiti\u00f3 tres decretos en los \u00faltimos cuatro a\u00f1os para fortalecer el rol institucional del Consejo, el primero fue el 541-20, que convirti\u00f3 a Rep\u00fablica Dominicana en el cuarto pa\u00eds de Am\u00e9rica Latina y el Caribe en contar con un Sistema de Monitoreo, Revisi\u00f3n y Verificaci\u00f3n de Emisiones de Gases de Efecto Invernadero (Decreto MRV), el cual permite que el pa\u00eds pueda conocer de manera precisa y basado en los est\u00e1ndares cient\u00edficos globales.<\/p>\n<p style=\"text-align: justify;\">La aprobaci\u00f3n de este decreto est\u00e1 alineada con el deber que tiene el pa\u00eds de actualizar su inventario de gases de efecto invernadero (INGEI) y avanzar en la conformaci\u00f3n del Sistema Reforzado de Transparencia Clim\u00e1tica, el cual es un mandato del Acuerdo de Par\u00eds que facilita el acceso del pa\u00eds al financiamiento internacional y la inserci\u00f3n en los mercados internacionales de carbono.<\/p>\n<p style=\"text-align: justify;\">De hecho, este mi\u00e9rcoles fueron presentadas las Gu\u00edas sobre el Funcionamiento del Marco Nacional Reforzado de Transparencia Clim\u00e1tica, las cuales permiten que todas las instituciones vinculadas a dicho sistema conozcan su rol de manera clara y concreta y puedan actuar en concordancia con sus responsabilidades.<\/p>\n<p style=\"text-align: justify;\">Estas Gu\u00edas fueron desarrolladas gracias al apoyo t\u00e9cnico facilitado por la Iniciativa para la Transparencia de la Acci\u00f3n Clim\u00e1tica (ICAT) a trav\u00e9s del Consejo Nacional para el Cambio Clim\u00e1tico y la Oficina de Naciones Unidas para Proyectos y que contar\u00e1, adem\u00e1s, con otra iniciativa para desarrollar capacidades institucionales que ser\u00e1 financiada por la Agencia Espa\u00f1ola de Cooperaci\u00f3n Internacional para el Desarrollo\u201d (AECID) por 250 mil euros (unos 16 millones 750 mil pesos dominicanos).<\/p>\n<p style=\"text-align: justify;\">Otros dos decretos fueron aprobados para afianzar y ampliar las capacidades y el alcance de las labores del Consejo Nacional para el Cambio Clim\u00e1tico y Mecanismo de Desarrollo Limpio, se trata de los decretos 165-21 y 348-21, los cuales le asignaron nuevas responsabilidades de coordinaci\u00f3n interinstitucional.<\/p>\n<p style=\"text-align: justify;\">El sistema de gobernanza clim\u00e1tica de Rep\u00fablica Dominicana es considerado como un ejemplo a seguir en distintas latitudes debido a la capacidad de coordinaci\u00f3n \u00e1gil y directa a lo interno del gobierno y con sectores de la sociedad civil, la cooperaci\u00f3n internacional, el sector privado y las academias. Pa\u00edses como Colombia, M\u00e9xico y Honduras han adoptado sistemas similares.<\/p>\n<p>Fuente: CNCCMDL<\/p>\n","protected":false},"excerpt":{"rendered":"<p>Santo Domingo \u2013 Al celebrarse este viernes 20 de septiembre el 16\u00ba aniversario de la<\/p>\n","protected":false},"author":4,"featured_media":26833,"comment_status":"open","ping_status":"open","sticky":false,"template":"","format":"standard","meta":{"footnotes":""},"categories":[7],"tags":[],"class_list":["post-26828","post","type-post","status-publish","format-standard","has-post-thumbnail","hentry","category-nacionales"],"_links":{"self":[{"href":"https:\/\/laverdadpublica.com\/index.php\/wp-json\/wp\/v2\/posts\/26828","targetHints":{"allow":["GET"]}}],"collection":[{"href":"https:\/\/laverdadpublica.com\/index.php\/wp-json\/wp\/v2\/posts"}],"about":[{"href":"https:\/\/laverdadpublica.com\/index.php\/wp-json\/wp\/v2\/types\/post"}],"author":[{"embeddable":true,"href":"https:\/\/laverdadpublica.com\/index.php\/wp-json\/wp\/v2\/users\/4"}],"replies":[{"embeddable":true,"href":"https:\/\/laverdadpublica.com\/index.php\/wp-json\/wp\/v2\/comments?post=26828"}],"version-history":[{"count":3,"href":"https:\/\/laverdadpublica.com\/index.php\/wp-json\/wp\/v2\/posts\/26828\/revisions"}],"predecessor-version":[{"id":26831,"href":"https:\/\/laverdadpublica.com\/index.php\/wp-json\/wp\/v2\/posts\/26828\/revisions\/26831"}],"wp:featuredmedia":[{"embeddable":true,"href":"https:\/\/laverdadpublica.com\/index.php\/wp-json\/wp\/v2\/media\/26833"}],"wp:attachment":[{"href":"https:\/\/laverdadpublica.com\/index.php\/wp-json\/wp\/v2\/media?parent=26828"}],"wp:term":[{"taxonomy":"category","embeddable":true,"href":"https:\/\/laverdadpublica.com\/index.php\/wp-json\/wp\/v2\/categories?post=26828"},{"taxonomy":"post_tag","embeddable":true,"href":"https:\/\/laverdadpublica.com\/index.php\/wp-json\/wp\/v2\/tags?post=26828"}],"curies":[{"name":"wp","href":"https:\/\/api.w.org\/{rel}","templated":true}]}}