{"id":27246,"date":"2024-09-25T13:51:55","date_gmt":"2024-09-25T13:51:55","guid":{"rendered":"https:\/\/laverdadpublica.com\/?p=27246"},"modified":"2024-09-25T13:51:55","modified_gmt":"2024-09-25T13:51:55","slug":"dj-adoni-y-sus-amigos-estremecieron-la-gran-arena-del-cibao-en-un-espectaculo-sin-precedentes","status":"publish","type":"post","link":"https:\/\/laverdadpublica.com\/index.php\/2024\/09\/25\/dj-adoni-y-sus-amigos-estremecieron-la-gran-arena-del-cibao-en-un-espectaculo-sin-precedentes\/","title":{"rendered":"DJ Adoni y sus amigos estremecieron la Gran Arena del Cibao en un espectaculo sin precedentes\u00a0"},"content":{"rendered":"<blockquote>\n<p style=\"text-align: justify;\">El evento resalt\u00f3 \u00a0el talento dominicano y ha sido catalogado desde ya como &#8216;el espect\u00e1culo del a\u00f1o&#8217;.<\/p>\n<\/blockquote>\n<p style=\"text-align: justify;\">\u00a0Santiago de los Caballeros- Con un espect\u00e1culo que retumb\u00f3 de\u00a0 emociones,\u00a0 gritos y algarab\u00eda, a cada una de las\u00a0 m\u00e1s de 8 mil personas que llenaron la Gran Arena del Cibao,\u00a0 Dj Adoni marc\u00f3 un\u00a0 hito en su carrera, evidenciando que es un\u00a0 hombre de sorpresas y de mucha adrenalina.<\/p>\n<p style=\"text-align: justify;\">Su sola presencia, a las\u00a0 10:30 de la noche, estremeci\u00f3 a los asistentes, con esa magia y esa energ\u00eda que proyecta en tarina.\u00a0\u201cEl que quiera perder su tiempo que me aconsejeeee\u201d. Una de las\u00a0 frases del DJ, hizo que se\u00a0 pintara de\u00a0 aplausos todo el entorno dando riendas sueltas al \u00a0encuentro.<\/p>\n<p style=\"text-align: justify;\">Adoniiiiiiiii\u201d, era siempre el\u00a0 grito de\u00a0 batalla del artista, quien con un conjunto de pantal\u00f3n y chaqueta al descubierto abri\u00f3 la puerta para recibir a sus artistas\u00a0 invitados.<\/p>\n<p style=\"text-align: justify;\">Y lleg\u00f3 Lomiel con su \u201cHay Lupita\u201d, \u00a0y se qued\u00f3 en la tarima con dos temas m\u00e1s. Sigui\u00f3 El Blachy, quien ataviado de blanco y con una gorra, puso la m\u00fasica t\u00edpica en alto.<\/p>\n<p style=\"text-align: justify;\">M\u00e1s adelante NTG, Jey One antecedieron a Chiquito Team Band, quienes pusieron de pie a todos los asistentes a bailar salsa con el tema \u201cquieres\u201d y otros m\u00e1s, interpretados por la banda haciendo interacciones con Adonis.<\/p>\n<p style=\"text-align: justify;\">Siguieron adem\u00e1s, Chimbala, Miriam Cruz, Elvis Mart\u00ednez , el legendario F\u00e9lix Cumb\u00e9 y Teodoro Reyes.<\/p>\n<p style=\"text-align: justify;\">Con el aclamado grito \u201cquien est\u00e1 en la casaaaa\u201d, lleg\u00f3 La Perversa, que con todo y su barriga de embarazo al aire; pas\u00f3 la p\u00e1gina y se convirti\u00f3 en una mujer empoderada, bailando con tanta seguridad los temas que la\u00a0 han\u00a0 hecho famosa.<\/p>\n<p style=\"text-align: justify;\">Mir\u00f3 toda el \u00e1rea, percibi\u00f3 esos aplausos cargados de admiraci\u00f3n y se emocion\u00f3.<\/p>\n<p style=\"text-align: justify;\">\u201cGracias por ese cari\u00f1o. Con todo y embarazo soy una mujer guerrera\u201d y no pararon los aplausos y la voz del \u00a0Dj Adoni, \u201cbendiciones para La Perversa\u201d.<\/p>\n<p style=\"text-align: justify;\">Como era de esperarse, la noche estuvo llena de emociones y sorpresas, ya que Julio Adonis Gross Gonz\u00e1lez conocido art\u00edsticamente como DJ Adoni comparti\u00f3 el escenario con artistas \u00a0de\u00a0 la talla de \u00a0los boricuas Alexis y Fido y Lunay, y el estadounidense De La Ghetto, quienes elevaron la temperatura del evento con sus actuaciones especiales, siendo su artistas internacionales invitados.<\/p>\n<p style=\"text-align: justify;\">Una de las m\u00e1s esperadas de la noche fue Yailin La M\u00e1s viral, quien para interpretar el tema \u201cTe La Parto\u201d se hizo \u00a0acompa\u00f1ar de La M\u00e1s Doll.<\/p>\n<p style=\"text-align: justify;\">Pasada la una de la madrugada lleg\u00f3 el esperado Alfa, quien anunci\u00f3 que el 14 de diciembre estar\u00e1 en concierto en La Arena del Cibao, y las boletas ya est\u00e1n a la venta.<\/p>\n<p style=\"text-align: justify;\">Cant\u00f3 cinco de sus m\u00e1s sonadas canciones y definitivamente el p\u00fablico no dejaba de tararearlas como son \u00a0\u00abLa calle bota fuego\u00bb, y \u00a0\u00abEste\u00bb.<\/p>\n<p style=\"text-align: justify;\">Se trat\u00f3 de un espect\u00e1culo de seis horas \u00a0que puso en escena una apuesta de bailarines, animaciones visuales y \u00a0que complaci\u00f3 a los presentes, que no pararon de bailar y ovacionar al artista, proporcionando una alta dosis de espectacularidad.<\/p>\n<p style=\"text-align: justify;\"><strong>Pre Show<\/strong><\/p>\n<p style=\"text-align: justify;\">El esperado espect\u00e1culo \u201cDj Adonis y sus amigos\u201d inici\u00f3 con un \u00a0pre-Show \u00a0a\u00a0 las\u00a0 7:30 de la\u00a0 noche, con Crazy Desing, \u00a0Eury Swing y la Banda Ideal de Juana Mecho, \u00a0Eudis El Invencible, Urbanda, \u00a0\u00c1ngel Acorde\u00f3n, Robert Liriano, Wilman Pe\u00f1a, Yikilee, Yaroni Montero y \u00a0L\u00edrico.<\/p>\n<p style=\"text-align: justify;\">El Dj dio gracias a los cibae\u00f1os por todo el apoyo brindado en su carrera.<\/p>\n<p>\u00a0<strong>Una Noche Familiar<\/strong><\/p>\n<p style=\"text-align: justify;\">Adoni pidi\u00f3 aplausos para su madre, la que \u00a0present\u00f3 por primera vez en p\u00fablico para cumplir uno de sus sue\u00f1os: bailar al lado de Miriam Cruz.<\/p>\n<p style=\"text-align: justify;\">Adoni cant\u00f3 junto a su hijo el tema \u00a0\u00abNo me importa nada\u00bb, lo que conmovi\u00f3 al p\u00fablico.<\/p>\n<p><strong>M\u00e1s del Evento<\/strong><\/p>\n<p style=\"text-align: justify;\">Entre los asistentes hab\u00eda p\u00fablico de Puerto Plata, San Francisco de Macor\u00eds, La Vega , Montecristi y de Estados Unidos.<\/p>\n<p style=\"text-align: justify;\">El escenario estaba a total capacidad. Las entradas se agotaron todas.<\/p>\n<p style=\"text-align: justify;\">Dj Adoni y sus amigos finaliz\u00f3 a las 2 de la madrugada.<\/p>\n<p style=\"text-align: justify;\">Tuvo como presentadores a\u00a0 \u00a0Dj Gordi, Baby Swing, el Dotol Nastra y Jean Carlos S\u00e1nchez.<\/p>\n<p style=\"text-align: justify;\">El espect\u00e1culo tuvo como productores a Alexander Blumberg y \u00a0Ricardo Taveras, socios fundadores de BT Concerts.<\/p>\n<p>Fuente: Gabriela Hungr\u00eda<\/p>\n","protected":false},"excerpt":{"rendered":"<p>El evento resalt\u00f3 \u00a0el talento dominicano y ha sido catalogado desde ya como &#8216;el espect\u00e1culo<\/p>\n","protected":false},"author":1,"featured_media":27247,"comment_status":"open","ping_status":"open","sticky":false,"template":"","format":"standard","meta":{"footnotes":""},"categories":[6],"tags":[],"class_list":["post-27246","post","type-post","status-publish","format-standard","has-post-thumbnail","hentry","category-espectaculos"],"_links":{"self":[{"href":"https:\/\/laverdadpublica.com\/index.php\/wp-json\/wp\/v2\/posts\/27246","targetHints":{"allow":["GET"]}}],"collection":[{"href":"https:\/\/laverdadpublica.com\/index.php\/wp-json\/wp\/v2\/posts"}],"about":[{"href":"https:\/\/laverdadpublica.com\/index.php\/wp-json\/wp\/v2\/types\/post"}],"author":[{"embeddable":true,"href":"https:\/\/laverdadpublica.com\/index.php\/wp-json\/wp\/v2\/users\/1"}],"replies":[{"embeddable":true,"href":"https:\/\/laverdadpublica.com\/index.php\/wp-json\/wp\/v2\/comments?post=27246"}],"version-history":[{"count":1,"href":"https:\/\/laverdadpublica.com\/index.php\/wp-json\/wp\/v2\/posts\/27246\/revisions"}],"predecessor-version":[{"id":27248,"href":"https:\/\/laverdadpublica.com\/index.php\/wp-json\/wp\/v2\/posts\/27246\/revisions\/27248"}],"wp:featuredmedia":[{"embeddable":true,"href":"https:\/\/laverdadpublica.com\/index.php\/wp-json\/wp\/v2\/media\/27247"}],"wp:attachment":[{"href":"https:\/\/laverdadpublica.com\/index.php\/wp-json\/wp\/v2\/media?parent=27246"}],"wp:term":[{"taxonomy":"category","embeddable":true,"href":"https:\/\/laverdadpublica.com\/index.php\/wp-json\/wp\/v2\/categories?post=27246"},{"taxonomy":"post_tag","embeddable":true,"href":"https:\/\/laverdadpublica.com\/index.php\/wp-json\/wp\/v2\/tags?post=27246"}],"curies":[{"name":"wp","href":"https:\/\/api.w.org\/{rel}","templated":true}]}}