{"id":27549,"date":"2024-09-28T03:56:27","date_gmt":"2024-09-28T03:56:27","guid":{"rendered":"https:\/\/laverdadpublica.com\/?p=27549"},"modified":"2024-09-28T03:56:27","modified_gmt":"2024-09-28T03:56:27","slug":"residentes-de-la-victoria-marchan-en-protesta-pacifica-exigiendo-mejoras-y-rendicion-de-cuentas","status":"publish","type":"post","link":"https:\/\/laverdadpublica.com\/index.php\/2024\/09\/28\/residentes-de-la-victoria-marchan-en-protesta-pacifica-exigiendo-mejoras-y-rendicion-de-cuentas\/","title":{"rendered":"Residentes de La Victoria marchan en protesta pac\u00edfica exigiendo mejoras y rendici\u00f3n de cuentas"},"content":{"rendered":"<p style=\"text-align: justify;\">Este jueves, hombres, mujeres y ni\u00f1os de los sectores de La Victoria *marcharon de manera pac\u00edfica* para exigir al alcalde Miguel Savi\u00f1\u00f3n, conocido como \u00abEl Gringo\u00bb, la atenci\u00f3n urgente a sus demandas de asfaltado de calles, reparaci\u00f3n de aceras, contenes y la culminaci\u00f3n del play deportivo de la comunidad.<\/p>\n<p style=\"text-align: justify;\">La manifestaci\u00f3n, organizada por el Frente Comunitario por el Desarrollo de La Victoria en conjunto con las juntas de vecinos, inici\u00f3 en las afueras del hospital p\u00fablico de esta demarcaci\u00f3n y avanz\u00f3 por todas las calles hasta las puertas del ayuntamiento, donde los residentes esperaban una respuesta del alcalde. Sin embargo, Savi\u00f1\u00f3n no sali\u00f3 a dialogar con los manifestantes debido a que los mismos tambien se negaron a entrar a la Alcald\u00eda.<\/p>\n<p style=\"text-align: justify;\">Adem\u00e1s de los reclamos por las mejoras en infraestructuras, los comunitarios exigieron que el alcalde explique en qu\u00e9 se han invertido los m\u00e1s de 10 millones de pesos donados por el presidente Luis Abinader para la reconstrucci\u00f3n del parque de La Victoria, cuyo progreso sigue sin avances visibles.<\/p>\n<p style=\"text-align: justify;\">Los organizadores de la marcha aseguraron que continuar\u00e1n presionando hasta obtener respuestas y mejoras que consideran esenciales para el bienestar de la comunidad.<\/p>\n<p>&nbsp;<\/p>\n<p>Fuente: Le\u00f1o Pinto<\/p>\n<p>&nbsp;<\/p>\n","protected":false},"excerpt":{"rendered":"<p>Este jueves, hombres, mujeres y ni\u00f1os de los sectores de La Victoria *marcharon de manera<\/p>\n","protected":false},"author":1,"featured_media":27550,"comment_status":"open","ping_status":"open","sticky":false,"template":"","format":"standard","meta":{"footnotes":""},"categories":[7],"tags":[],"class_list":["post-27549","post","type-post","status-publish","format-standard","has-post-thumbnail","hentry","category-nacionales"],"_links":{"self":[{"href":"https:\/\/laverdadpublica.com\/index.php\/wp-json\/wp\/v2\/posts\/27549","targetHints":{"allow":["GET"]}}],"collection":[{"href":"https:\/\/laverdadpublica.com\/index.php\/wp-json\/wp\/v2\/posts"}],"about":[{"href":"https:\/\/laverdadpublica.com\/index.php\/wp-json\/wp\/v2\/types\/post"}],"author":[{"embeddable":true,"href":"https:\/\/laverdadpublica.com\/index.php\/wp-json\/wp\/v2\/users\/1"}],"replies":[{"embeddable":true,"href":"https:\/\/laverdadpublica.com\/index.php\/wp-json\/wp\/v2\/comments?post=27549"}],"version-history":[{"count":1,"href":"https:\/\/laverdadpublica.com\/index.php\/wp-json\/wp\/v2\/posts\/27549\/revisions"}],"predecessor-version":[{"id":27551,"href":"https:\/\/laverdadpublica.com\/index.php\/wp-json\/wp\/v2\/posts\/27549\/revisions\/27551"}],"wp:featuredmedia":[{"embeddable":true,"href":"https:\/\/laverdadpublica.com\/index.php\/wp-json\/wp\/v2\/media\/27550"}],"wp:attachment":[{"href":"https:\/\/laverdadpublica.com\/index.php\/wp-json\/wp\/v2\/media?parent=27549"}],"wp:term":[{"taxonomy":"category","embeddable":true,"href":"https:\/\/laverdadpublica.com\/index.php\/wp-json\/wp\/v2\/categories?post=27549"},{"taxonomy":"post_tag","embeddable":true,"href":"https:\/\/laverdadpublica.com\/index.php\/wp-json\/wp\/v2\/tags?post=27549"}],"curies":[{"name":"wp","href":"https:\/\/api.w.org\/{rel}","templated":true}]}}