{"id":27681,"date":"2024-09-25T01:50:09","date_gmt":"2024-09-25T01:50:09","guid":{"rendered":"https:\/\/laverdadpublica.com\/?p=27681"},"modified":"2024-09-29T01:54:33","modified_gmt":"2024-09-29T01:54:33","slug":"mesa-de-dialogo-en-celebracion-del-dia-de-la-biblia-hace-llamado-a-la-familia-dominicana","status":"publish","type":"post","link":"https:\/\/laverdadpublica.com\/index.php\/2024\/09\/25\/mesa-de-dialogo-en-celebracion-del-dia-de-la-biblia-hace-llamado-a-la-familia-dominicana\/","title":{"rendered":"Mesa de Di\u00e1logo en celebraci\u00f3n del D\u00eda de la Biblia hace llamado a la familia dominicana"},"content":{"rendered":"<div class=\"td-post-content td-pb-padding-side\">\n<p style=\"text-align: justify;\" align=\"left\"><strong>SANTO DOMINGO<\/strong>\u00a0.En el marco de la celebraci\u00f3n del D\u00eda de la Biblia, a llevarse a cabo en nuestro pa\u00eds el pr\u00f3ximo 27 de septiembre, la Mesa de Di\u00e1logo y Representaci\u00f3n Cristiana, junto a su Pastoral de Ni\u00f1os, Ni\u00f1as y Adolescentes, present\u00f3 la conferencia \u00abDejando Huellas en las Pr\u00f3ximas Generaciones\u00bb.<\/p>\n<p style=\"text-align: justify;\" align=\"left\">La misma estuvo a cargo del doctor Emilio Reyes, destacado conferencista proveniente de los Estados Unidos. Este evento busca resaltar la importancia de la Palabra de Dios en la formaci\u00f3n de los m\u00e1s j\u00f3venes y en la construcci\u00f3n de un legado espiritual que trascienda generaciones.<\/p>\n<div id=\"evide-1250857293\" class=\"evide-dentro\" style=\"text-align: justify;\">\n<div class=\"evide-adlabel\"><\/div>\n<p><img decoding=\"async\" class=\"td-animation-stack-type0-2 aligncenter lazyload\" data-src=\"https:\/\/evidenciasdigital.com\/storage2\/2024\/08\/vivamos.jpg\" data-sizes=\"(max-width: 900px) 100vw, 900px\" data-srcset=\"https:\/\/evidenciasdigital.com\/storage2\/2024\/08\/vivamos.jpg 900w, https:\/\/evidenciasdigital.com\/storage2\/2024\/08\/vivamos-273x300.jpg 273w, https:\/\/evidenciasdigital.com\/storage2\/2024\/08\/vivamos-768x845.jpg 768w, https:\/\/evidenciasdigital.com\/storage2\/2024\/08\/vivamos-382x420.jpg 382w, https:\/\/evidenciasdigital.com\/storage2\/2024\/08\/vivamos-640x704.jpg 640w, https:\/\/evidenciasdigital.com\/storage2\/2024\/08\/vivamos-681x749.jpg 681w\" alt=\"\" width=\"900\" height=\"990\" src=\"data:image\/svg+xml;base64,PHN2ZyB3aWR0aD0iMSIgaGVpZ2h0PSIxIiB4bWxucz0iaHR0cDovL3d3dy53My5vcmcvMjAwMC9zdmciPjwvc3ZnPg==\" style=\"--smush-placeholder-width: 900px; --smush-placeholder-aspect-ratio: 900\/990;\" \/><\/p>\n<\/div>\n<figure id=\"attachment_27893\" class=\"caption aligncenter\" style=\"text-align: justify;\" aria-describedby=\"caption-attachment-27893\"><\/figure>\n<p style=\"text-align: justify;\">El Obispo Reynaldo Franco Aquino presidente de la Mesa de Di\u00e1logo, organizaci\u00f3n que agrupa a la mayor\u00eda de las iglesias y concilios de la Rep\u00fablica Dominicana, exhort\u00f3 a aprovechar la celebraci\u00f3n para invitar a la familia dominicana a volver su mirada hacia la Biblia, fuente de valores y principios para la vida.<\/p>\n<p style=\"text-align: justify;\">El programa del evento incluy\u00f3 adem\u00e1s la participaci\u00f3n del doctor Milciades Franjul director de la Oficina de Enlace Presidencia e Iglesias Cristianas, quien agradeci\u00f3 la invitaci\u00f3n para ser parte de este conferencia. Tambi\u00e9n particip\u00f3 la pastora Elizabeth Serrano, coordinadora de la Pastoral de Ni\u00f1os, ni\u00f1as y adolescentes de la Mesa de Di\u00e1logo.<\/p>\n<p style=\"text-align: justify;\">Las celebraciones m\u00e1s destacadas para la celebraci\u00f3n b\u00edblica, ser\u00e1n las marchas caravanas que se realizar\u00e1n en todo el pa\u00eds el pr\u00f3ximo 27 de septiembre, movilizando a miles de dominicanos en apoyo a la Biblia. Estas marchas tienen como objetivos hacer un llamado a la unidad, al fortalecimiento de los lazos familiares y a la reafirmaci\u00f3n de los principios cristianos como base para una sociedad m\u00e1s justa y equitativa.<\/p>\n<p style=\"text-align: justify;\">Asimismo, Franco Aquino manifest\u00f3 que la celebraci\u00f3n culminar\u00e1 con un culto de honra a la Palabra de Dios, que contar\u00e1 con la presencia del honorable se\u00f1or presidente de la Rep\u00fablica, quien junto al Rev. Milciades Franjul Enlace entre el Poder Ejecutivo y las Iglesias Cristianas, participar\u00e1n en un momento especial de oraci\u00f3n y reflexi\u00f3n sobre el rol de la Biblia en la vida de la naci\u00f3n dominicana.<\/p>\n<p style=\"text-align: justify;\">La Sociedad B\u00edblica Dominicana, dirigida por la licenciada Carmen Checo, es una de las principales organizaciones impulsoras de estas celebraciones, est\u00e1 siendo acompa\u00f1ada por toda la comunidad cristiana en las diferentes actividades, que incluyen una cena b\u00edblica en un prestigioso hotel de Santo Domingo. Esta cena reunir\u00e1 a l\u00edderes eclesi\u00e1sticos, representantes del gobierno y miembros de la sociedad civil, para reflexionar sobre la importancia de la Biblia en la vida cotidiana y en la toma de decisiones.<\/p>\n<p style=\"text-align: justify;\">El Obispo Franco Aquino sostuvo que la Biblia es el libro m\u00e1s importante del mundo porque no solo ha influido profundamente en la historia, la cultura y la moralidad de la humanidad, sino que tambi\u00e9n contiene la revelaci\u00f3n de Dios al ser humano. A trav\u00e9s de sus p\u00e1ginas, se presentan verdades eternas sobre la vida, la muerte, la salvaci\u00f3n y la relaci\u00f3n con el Creador. Es una fuente de sabidur\u00eda espiritual, gu\u00eda moral y consuelo en tiempos de dificultad. Adem\u00e1s, ha transformado millones de vidas y sigue siendo el fundamento de la fe cristiana, trascendiendo generaciones y culturas.<\/p>\n<p style=\"text-align: justify;\">Con este amplio programa de actividades, la Mesa de Di\u00e1logo y las organizaciones cristianas del pa\u00eds reafirman su compromiso con la difusi\u00f3n de la Biblia y el fortalecimiento de los valores cristianos en la sociedad dominicana.<\/p>\n<p style=\"text-align: justify;\">Por \u00faltimo, hizo un llamado a toda la familia dominicana a unirse a estas celebraciones, recordando que el retorno a la Palabra de Dios es esencial para la transformaci\u00f3n de nuestra naci\u00f3n.<\/p>\n<p style=\"text-align: justify;\">Al final del evento el cual fue realizado en las instalaciones del Edificio Servicio Social de Iglesias, asistieron obispos, pastores, lideres de organizaciones cristianas y hermanos en general, se firmo un acuerdo de trabajo entre la Mesa de Di\u00e1logo y Fundaci\u00f3n Yabonico.<\/p>\n<\/div>\n<p>Fuente: Evidencias Digital<\/p>\n<div class=\"td-post-content td-pb-padding-side\">\n<div class=\"td-a-rec td-a-rec-id-content_bottom tdi_4 td_block_template_1\" style=\"text-align: justify;\"><\/div>\n<\/div>\n<footer>\n<div class=\"td-post-source-tags td-pb-padding-side\" style=\"text-align: justify;\"><\/div>\n<div class=\"td-post-sharing-bottom td-pb-padding-side\" style=\"text-align: justify;\"><\/div>\n<\/footer>\n","protected":false},"excerpt":{"rendered":"<p>SANTO DOMINGO\u00a0.En el marco de la celebraci\u00f3n del D\u00eda de la Biblia, a llevarse a<\/p>\n","protected":false},"author":2,"featured_media":27684,"comment_status":"open","ping_status":"open","sticky":false,"template":"","format":"standard","meta":{"footnotes":""},"categories":[7],"tags":[],"class_list":["post-27681","post","type-post","status-publish","format-standard","has-post-thumbnail","hentry","category-nacionales"],"_links":{"self":[{"href":"https:\/\/laverdadpublica.com\/index.php\/wp-json\/wp\/v2\/posts\/27681","targetHints":{"allow":["GET"]}}],"collection":[{"href":"https:\/\/laverdadpublica.com\/index.php\/wp-json\/wp\/v2\/posts"}],"about":[{"href":"https:\/\/laverdadpublica.com\/index.php\/wp-json\/wp\/v2\/types\/post"}],"author":[{"embeddable":true,"href":"https:\/\/laverdadpublica.com\/index.php\/wp-json\/wp\/v2\/users\/2"}],"replies":[{"embeddable":true,"href":"https:\/\/laverdadpublica.com\/index.php\/wp-json\/wp\/v2\/comments?post=27681"}],"version-history":[{"count":4,"href":"https:\/\/laverdadpublica.com\/index.php\/wp-json\/wp\/v2\/posts\/27681\/revisions"}],"predecessor-version":[{"id":27687,"href":"https:\/\/laverdadpublica.com\/index.php\/wp-json\/wp\/v2\/posts\/27681\/revisions\/27687"}],"wp:featuredmedia":[{"embeddable":true,"href":"https:\/\/laverdadpublica.com\/index.php\/wp-json\/wp\/v2\/media\/27684"}],"wp:attachment":[{"href":"https:\/\/laverdadpublica.com\/index.php\/wp-json\/wp\/v2\/media?parent=27681"}],"wp:term":[{"taxonomy":"category","embeddable":true,"href":"https:\/\/laverdadpublica.com\/index.php\/wp-json\/wp\/v2\/categories?post=27681"},{"taxonomy":"post_tag","embeddable":true,"href":"https:\/\/laverdadpublica.com\/index.php\/wp-json\/wp\/v2\/tags?post=27681"}],"curies":[{"name":"wp","href":"https:\/\/api.w.org\/{rel}","templated":true}]}}