{"id":27809,"date":"2024-09-30T01:52:36","date_gmt":"2024-09-30T01:52:36","guid":{"rendered":"https:\/\/laverdadpublica.com\/?p=27809"},"modified":"2024-09-30T01:52:36","modified_gmt":"2024-09-30T01:52:36","slug":"presidente-abinader-viaja-este-lunes-a-ciudad-de-mexico","status":"publish","type":"post","link":"https:\/\/laverdadpublica.com\/index.php\/2024\/09\/30\/presidente-abinader-viaja-este-lunes-a-ciudad-de-mexico\/","title":{"rendered":"Presidente Abinader viaja este lunes a Ciudad de M\u00e9xico"},"content":{"rendered":"<blockquote>\n<p style=\"text-align: justify;\"><em>Participar\u00e1 en toma de posesi\u00f3n de Claudia Sheinbaum Pardo<\/em><\/p>\n<\/blockquote>\n<p style=\"text-align: justify;\">Santo Domingo. &#8211; El presidente Luis Abinader viajar\u00e1 este lunes a la Ciudad de M\u00e9xico donde participar\u00e1 en la toma de posesi\u00f3n de la presidente electa Claudia Sheinbaum Pardo.<\/p>\n<p style=\"text-align: justify;\">El mandatario saldr\u00e1 en horas de la tarde de este lunes, para llegar en las primeras horas de la noche a la capital mexicana<\/p>\n<p style=\"text-align: justify;\">Al d\u00eda siguiente, martes 01 de octubre, pasadas las 10:00 de la ma\u00f1ana, el Jefe de Estado participar\u00e1 en la Ceremonia de Juramentaci\u00f3n de la Se\u00f1ora Claudia Sheinbaum Pardo, primera mujer en ocupar la presidencia de los Estados Unidos Mexicanos, la cual se llevar\u00e1 a cabo en el Palacio Legislativo de San L\u00e1zaro, Congreso de la Uni\u00f3n, y est\u00e1 pautada para iniciar a las 11:00 de la ma\u00f1ana.<\/p>\n<p style=\"text-align: justify;\">Posteriormente, el presidente Abinader se trasladar\u00e1 al Palacio Nacional de M\u00e9xico donde tendr\u00e1 lugar la salutaci\u00f3n y foto oficial, as\u00ed como un almuerzo que ser\u00e1 ofrecido a los Jefes de Estado y de Gobierno y Jefes de Delegaciones.<\/p>\n<p style=\"text-align: justify;\">El mandatario regresar\u00e1 al pa\u00eds, el mismo martes en horas de la noche.<\/p>\n<p style=\"text-align: justify;\">El presidente Abinader estar\u00e1 acompa\u00f1ado en estos actos por el ministro de Relaciones Exteriores Roberto \u00c1lvarez<\/p>\n<p style=\"text-align: justify;\">Adem\u00e1s del canciller \u00c1lvarez, durante su breve estad\u00eda en M\u00e9xico al presidente le acompa\u00f1ar\u00e1 una reducida delegaci\u00f3n encabezada por Eilyn Beltran, director de Gabinete; Mercedes Pichardo; asistente personal; general Jimmy (ERD)Arias, director del CUSEP; el coronel Rafael Ram\u00edrez, miembro de la escolta; y Daniel Garc\u00eda Archibald, director de prensa del presidente.<\/p>\n<p>Fuente: Presidencia RD<\/p>\n","protected":false},"excerpt":{"rendered":"<p>Participar\u00e1 en toma de posesi\u00f3n de Claudia Sheinbaum Pardo Santo Domingo. &#8211; El presidente Luis<\/p>\n","protected":false},"author":4,"featured_media":27810,"comment_status":"open","ping_status":"open","sticky":false,"template":"","format":"standard","meta":{"footnotes":""},"categories":[7],"tags":[],"class_list":["post-27809","post","type-post","status-publish","format-standard","has-post-thumbnail","hentry","category-nacionales"],"_links":{"self":[{"href":"https:\/\/laverdadpublica.com\/index.php\/wp-json\/wp\/v2\/posts\/27809","targetHints":{"allow":["GET"]}}],"collection":[{"href":"https:\/\/laverdadpublica.com\/index.php\/wp-json\/wp\/v2\/posts"}],"about":[{"href":"https:\/\/laverdadpublica.com\/index.php\/wp-json\/wp\/v2\/types\/post"}],"author":[{"embeddable":true,"href":"https:\/\/laverdadpublica.com\/index.php\/wp-json\/wp\/v2\/users\/4"}],"replies":[{"embeddable":true,"href":"https:\/\/laverdadpublica.com\/index.php\/wp-json\/wp\/v2\/comments?post=27809"}],"version-history":[{"count":1,"href":"https:\/\/laverdadpublica.com\/index.php\/wp-json\/wp\/v2\/posts\/27809\/revisions"}],"predecessor-version":[{"id":27811,"href":"https:\/\/laverdadpublica.com\/index.php\/wp-json\/wp\/v2\/posts\/27809\/revisions\/27811"}],"wp:featuredmedia":[{"embeddable":true,"href":"https:\/\/laverdadpublica.com\/index.php\/wp-json\/wp\/v2\/media\/27810"}],"wp:attachment":[{"href":"https:\/\/laverdadpublica.com\/index.php\/wp-json\/wp\/v2\/media?parent=27809"}],"wp:term":[{"taxonomy":"category","embeddable":true,"href":"https:\/\/laverdadpublica.com\/index.php\/wp-json\/wp\/v2\/categories?post=27809"},{"taxonomy":"post_tag","embeddable":true,"href":"https:\/\/laverdadpublica.com\/index.php\/wp-json\/wp\/v2\/tags?post=27809"}],"curies":[{"name":"wp","href":"https:\/\/api.w.org\/{rel}","templated":true}]}}