{"id":28137,"date":"2024-10-02T01:28:44","date_gmt":"2024-10-02T01:28:44","guid":{"rendered":"https:\/\/laverdadpublica.com\/?p=28137"},"modified":"2024-10-03T01:30:23","modified_gmt":"2024-10-03T01:30:23","slug":"comandante-general-del-ejercito-recibe-la-visita-oficial-del-ministro-de-defensa","status":"publish","type":"post","link":"https:\/\/laverdadpublica.com\/index.php\/2024\/10\/02\/comandante-general-del-ejercito-recibe-la-visita-oficial-del-ministro-de-defensa\/","title":{"rendered":"Comandante General del Ej\u00e9rcito recibe la visita oficial del Ministro de Defensa"},"content":{"rendered":"<p style=\"text-align: justify;\">Por Felix Rubio<\/p>\n<p style=\"text-align: justify;\">En una ceremonia realizada en la Explanada del Campamento Militar \u00ab16 de Agosto\u00bb, el Comandante General del Ej\u00e9rcito, Mayor General Jorge Iv\u00e1n Camino P\u00e9rez, ERD., recibi\u00f3 la visita oficial del Ministro de Defensa, Teniente General Carlos Antonio Fern\u00e1ndez Onofre, ERD., quien estuvo acompa\u00f1ado por el Estado Mayor Conjunto<\/p>\n<p style=\"text-align: justify;\">El acto inici\u00f3 con la rendici\u00f3n de honores militares al Ministro de Defensa, seguido de la bendici\u00f3n a cargo del Capell\u00e1n Mayor Castrense, Mayor Alexis Devers Reyes, ERD<\/p>\n<p style=\"text-align: justify;\">El Comandante General del Ej\u00e9rcito, Mayor General Jorge Iv\u00e1n Camino P\u00e9rez, ERD., ofreci\u00f3 las palabras de bienvenida al Teniente General Carlos Antonio Fern\u00e1ndez Onofre, ERD., destacando la relevancia de esta visita para el fortalecimiento del compromiso y la unidad dentro del Ej\u00e9rcito. Posteriormente, el Ministro de Defensa dirigi\u00f3 unas palabras a las tropas, subrayando el papel fundamental del Ej\u00e9rcito en la defensa de la naci\u00f3n y el apoyo continuo del Ministerio de Defensa en esta misi\u00f3n<\/p>\n<p style=\"text-align: justify;\">La ceremonia concluy\u00f3 con la salida de las tropas de la Plaza de Ceremonias \u00abMayor General Tommy R. Fern\u00e1ndez Alarc\u00f3n\u00bb, ERD. Tras esto, las autoridades se trasladaron a la Comandancia General del ERD para la firma del libro oficial, marcando el cierre de esta visita oficial.<\/p>\n<p>Fuente: Prensa MIDE<\/p>\n","protected":false},"excerpt":{"rendered":"<p>Por Felix Rubio En una ceremonia realizada en la Explanada del Campamento Militar \u00ab16 de<\/p>\n","protected":false},"author":1,"featured_media":28139,"comment_status":"open","ping_status":"open","sticky":false,"template":"","format":"standard","meta":{"footnotes":""},"categories":[7],"tags":[],"class_list":["post-28137","post","type-post","status-publish","format-standard","has-post-thumbnail","hentry","category-nacionales"],"_links":{"self":[{"href":"https:\/\/laverdadpublica.com\/index.php\/wp-json\/wp\/v2\/posts\/28137","targetHints":{"allow":["GET"]}}],"collection":[{"href":"https:\/\/laverdadpublica.com\/index.php\/wp-json\/wp\/v2\/posts"}],"about":[{"href":"https:\/\/laverdadpublica.com\/index.php\/wp-json\/wp\/v2\/types\/post"}],"author":[{"embeddable":true,"href":"https:\/\/laverdadpublica.com\/index.php\/wp-json\/wp\/v2\/users\/1"}],"replies":[{"embeddable":true,"href":"https:\/\/laverdadpublica.com\/index.php\/wp-json\/wp\/v2\/comments?post=28137"}],"version-history":[{"count":1,"href":"https:\/\/laverdadpublica.com\/index.php\/wp-json\/wp\/v2\/posts\/28137\/revisions"}],"predecessor-version":[{"id":28138,"href":"https:\/\/laverdadpublica.com\/index.php\/wp-json\/wp\/v2\/posts\/28137\/revisions\/28138"}],"wp:featuredmedia":[{"embeddable":true,"href":"https:\/\/laverdadpublica.com\/index.php\/wp-json\/wp\/v2\/media\/28139"}],"wp:attachment":[{"href":"https:\/\/laverdadpublica.com\/index.php\/wp-json\/wp\/v2\/media?parent=28137"}],"wp:term":[{"taxonomy":"category","embeddable":true,"href":"https:\/\/laverdadpublica.com\/index.php\/wp-json\/wp\/v2\/categories?post=28137"},{"taxonomy":"post_tag","embeddable":true,"href":"https:\/\/laverdadpublica.com\/index.php\/wp-json\/wp\/v2\/tags?post=28137"}],"curies":[{"name":"wp","href":"https:\/\/api.w.org\/{rel}","templated":true}]}}