{"id":28181,"date":"2024-10-03T00:02:06","date_gmt":"2024-10-03T00:02:06","guid":{"rendered":"https:\/\/laverdadpublica.com\/?p=28181"},"modified":"2024-10-04T00:07:14","modified_gmt":"2024-10-04T00:07:14","slug":"viene-expo-empaque-rd-2024-la-primera-exhibicion-de-empaque-y-embalaje-en-el-pais","status":"publish","type":"post","link":"https:\/\/laverdadpublica.com\/index.php\/2024\/10\/03\/viene-expo-empaque-rd-2024-la-primera-exhibicion-de-empaque-y-embalaje-en-el-pais\/","title":{"rendered":"Viene Expo-Empaque RD 2024, la primera exhibici\u00f3n de empaque y embalaje en el pa\u00eds"},"content":{"rendered":"<blockquote>\n<p style=\"text-align: justify;\">En su primera edici\u00f3n, esta innovadora propuesta pretende consolidarse como un evento clave en la industria del empaque y embalaje al promover el aprendizaje y el intercambio de ideas entre empresas, profesionales, expertos, l\u00edderes, suplidores y entes ligados al sector.<\/p>\n<\/blockquote>\n<p style=\"text-align: justify;\">Santo Domingo. La primera exhibici\u00f3n del sector de empaque y embalaje del pa\u00eds, Expo-Empaque RD 2024, ser\u00e1 celebrada del 11 al 13 de octubre en el Centro de Convenciones de Sambil, donde reunir\u00e1 a empresas, expertos y sectores ligados a la industria para mostrarles las opciones, novedades y oportunidades disponibles en ese sentido en el mercado nacional.<\/p>\n<p style=\"text-align: justify;\"><img decoding=\"async\" class=\"size-medium wp-image-28188 alignleft lazyload\" data-src=\"https:\/\/laverdadpublica.com\/wp-content\/uploads\/2024\/10\/IMG-20241003-WA0157-246x300.jpg\" alt=\"\" width=\"246\" height=\"300\" data-srcset=\"https:\/\/laverdadpublica.com\/wp-content\/uploads\/2024\/10\/IMG-20241003-WA0157-246x300.jpg 246w, https:\/\/laverdadpublica.com\/wp-content\/uploads\/2024\/10\/IMG-20241003-WA0157.jpg 481w\" data-sizes=\"(max-width: 246px) 100vw, 246px\" src=\"data:image\/svg+xml;base64,PHN2ZyB3aWR0aD0iMSIgaGVpZ2h0PSIxIiB4bWxucz0iaHR0cDovL3d3dy53My5vcmcvMjAwMC9zdmciPjwvc3ZnPg==\" style=\"--smush-placeholder-width: 246px; --smush-placeholder-aspect-ratio: 246\/300;\" \/>Durante este evento que contar\u00e1 con m\u00e1s de 70 expositores, tanto nacionales como internacionales, los asistentes tendr\u00e1n la oportunidad de conocer l\u00edderes de la industria, innovaciones y nuevos empaques disponibles; as\u00ed como, novedosos materiales, tecnolog\u00edas y m\u00e9todos de reciclaje. Tambi\u00e9n conectar\u00e1n directamente con suplidores y aprender\u00e1n acerca de temas, tales como: soluciones de procesos y problemas de empaque, bajar costos a trav\u00e9s de ingeniosos procesos, observar las tendencias del mercado de embalaje, explorar el cat\u00e1logo de envases biodegradables, enterarse de los avances de la econom\u00eda circular y sus aplicaciones, y descubrir soluciones sostenibles en la cadena de empaque y embalaje.<img decoding=\"async\" class=\"size-medium wp-image-28187 alignright lazyload\" data-src=\"https:\/\/laverdadpublica.com\/wp-content\/uploads\/2024\/10\/IMG-20241003-WA0158-227x300.jpg\" alt=\"\" width=\"227\" height=\"300\" data-srcset=\"https:\/\/laverdadpublica.com\/wp-content\/uploads\/2024\/10\/IMG-20241003-WA0158-227x300.jpg 227w, https:\/\/laverdadpublica.com\/wp-content\/uploads\/2024\/10\/IMG-20241003-WA0158-775x1024.jpg 775w, https:\/\/laverdadpublica.com\/wp-content\/uploads\/2024\/10\/IMG-20241003-WA0158-768x1015.jpg 768w, https:\/\/laverdadpublica.com\/wp-content\/uploads\/2024\/10\/IMG-20241003-WA0158-1163x1536.jpg 1163w, https:\/\/laverdadpublica.com\/wp-content\/uploads\/2024\/10\/IMG-20241003-WA0158.jpg 1211w\" data-sizes=\"(max-width: 227px) 100vw, 227px\" src=\"data:image\/svg+xml;base64,PHN2ZyB3aWR0aD0iMSIgaGVpZ2h0PSIxIiB4bWxucz0iaHR0cDovL3d3dy53My5vcmcvMjAwMC9zdmciPjwvc3ZnPg==\" style=\"--smush-placeholder-width: 227px; --smush-placeholder-aspect-ratio: 227\/300;\" \/><\/p>\n<p style=\"text-align: justify;\">La jornada inaugural abrir\u00e1 sus puertas a las 9:00 de la ma\u00f1ana del viernes 11 y proseguir\u00e1 con una ceremonia que dejar\u00e1 oficializada la exposici\u00f3n. Durante este primer d\u00eda, el p\u00fablico podr\u00e1 acceder hasta las 8:00 de la noche tanto a profesionales y expertos, como a los avances m\u00e1s recientes de la industria, lo que les permitir\u00e1 compartir conocimientos, experiencias y fomentar la colaboraci\u00f3n.<\/p>\n<p style=\"text-align: justify;\"><img decoding=\"async\" class=\"size-medium wp-image-28186 alignleft lazyload\" data-src=\"https:\/\/laverdadpublica.com\/wp-content\/uploads\/2024\/10\/IMG-20241003-WA0156-246x300.jpg\" alt=\"\" width=\"246\" height=\"300\" data-srcset=\"https:\/\/laverdadpublica.com\/wp-content\/uploads\/2024\/10\/IMG-20241003-WA0156-246x300.jpg 246w, https:\/\/laverdadpublica.com\/wp-content\/uploads\/2024\/10\/IMG-20241003-WA0156.jpg 481w\" data-sizes=\"(max-width: 246px) 100vw, 246px\" src=\"data:image\/svg+xml;base64,PHN2ZyB3aWR0aD0iMSIgaGVpZ2h0PSIxIiB4bWxucz0iaHR0cDovL3d3dy53My5vcmcvMjAwMC9zdmciPjwvc3ZnPg==\" style=\"--smush-placeholder-width: 246px; --smush-placeholder-aspect-ratio: 246\/300;\" \/>El segundo d\u00eda de Expo-Empaque RD 2024, concretamente el s\u00e1bado 12, dar\u00e1 inicio a las 9:00 de la ma\u00f1ana y contar\u00e1 con la charla \u201cDise\u00f1o de empaques\u201d, ofrecida a las 11:00 de la ma\u00f1ana por el Instituto Tecnol\u00f3gico de Santo Domingo (INTEC). Ya en la tarde, a las 3:00 p. m., se llevar\u00e1 a cabo la charla denominada \u201cSostenibilidad en la industria del empaque\u201d, a cargo de Mapfre BHD. Y al arribar las 5:00 de la tarde, se desarrollar\u00e1 otro encuentro interactivo titulado \u201cSello hecho en RD\u201d, el cual ser\u00e1 conducido por el Ministerio de Industria, Comercio y Mipymes (MICM).<\/p>\n<p style=\"text-align: justify;\">La sesi\u00f3n de clausura, efectuada el tercer d\u00eda de la exposici\u00f3n, permitir\u00e1 que los presentes reflexionen sobre el evento y discutan planes futuros, de 9:00 a. m. a 8:00 p. m. En tanto, ese domingo cerrar\u00e1 con broche de oro a trav\u00e9s de la entrega del premio \u201cInnovaci\u00f3n empaque\u201d, que a partir de las 4:00 de la tarde reconocer\u00e1 a los m\u00e1s destacados del sector.<\/p>\n<p style=\"text-align: justify;\">Cabe destacar que, en este hito que se consolidar\u00e1 como l\u00edder en innovaci\u00f3n de empaques, tecnolog\u00eda y networking, se espera contar con el apoyo de gerentes de marca, log\u00edstica y almac\u00e9n, representantes de la industria gr\u00e1fica, zonas francas y el sector cosm\u00e9tico; as\u00ed como, de miembros de mipymes, del sector turismo, restaurantes, estudiantes y p\u00fablico en general.<\/p>\n<p style=\"text-align: justify;\">Todos los interesados en participar en este evento \u00fanico, pueden acceder a m\u00e1s informaci\u00f3n por medio del enlace www.expoempaquerd.com.<\/p>\n<p>Fuente: Equipo<\/p>\n","protected":false},"excerpt":{"rendered":"<p>En su primera edici\u00f3n, esta innovadora propuesta pretende consolidarse como un evento clave en la<\/p>\n","protected":false},"author":2,"featured_media":28182,"comment_status":"open","ping_status":"open","sticky":false,"template":"","format":"standard","meta":{"footnotes":""},"categories":[2],"tags":[],"class_list":["post-28181","post","type-post","status-publish","format-standard","has-post-thumbnail","hentry","category-economicas"],"_links":{"self":[{"href":"https:\/\/laverdadpublica.com\/index.php\/wp-json\/wp\/v2\/posts\/28181","targetHints":{"allow":["GET"]}}],"collection":[{"href":"https:\/\/laverdadpublica.com\/index.php\/wp-json\/wp\/v2\/posts"}],"about":[{"href":"https:\/\/laverdadpublica.com\/index.php\/wp-json\/wp\/v2\/types\/post"}],"author":[{"embeddable":true,"href":"https:\/\/laverdadpublica.com\/index.php\/wp-json\/wp\/v2\/users\/2"}],"replies":[{"embeddable":true,"href":"https:\/\/laverdadpublica.com\/index.php\/wp-json\/wp\/v2\/comments?post=28181"}],"version-history":[{"count":3,"href":"https:\/\/laverdadpublica.com\/index.php\/wp-json\/wp\/v2\/posts\/28181\/revisions"}],"predecessor-version":[{"id":28189,"href":"https:\/\/laverdadpublica.com\/index.php\/wp-json\/wp\/v2\/posts\/28181\/revisions\/28189"}],"wp:featuredmedia":[{"embeddable":true,"href":"https:\/\/laverdadpublica.com\/index.php\/wp-json\/wp\/v2\/media\/28182"}],"wp:attachment":[{"href":"https:\/\/laverdadpublica.com\/index.php\/wp-json\/wp\/v2\/media?parent=28181"}],"wp:term":[{"taxonomy":"category","embeddable":true,"href":"https:\/\/laverdadpublica.com\/index.php\/wp-json\/wp\/v2\/categories?post=28181"},{"taxonomy":"post_tag","embeddable":true,"href":"https:\/\/laverdadpublica.com\/index.php\/wp-json\/wp\/v2\/tags?post=28181"}],"curies":[{"name":"wp","href":"https:\/\/api.w.org\/{rel}","templated":true}]}}