{"id":28448,"date":"2024-10-06T19:21:26","date_gmt":"2024-10-06T19:21:26","guid":{"rendered":"https:\/\/laverdadpublica.com\/?p=28448"},"modified":"2024-10-06T19:21:26","modified_gmt":"2024-10-06T19:21:26","slug":"operativo-guia-del-orden-publico-deja-39-detenidos-en-la-romana","status":"publish","type":"post","link":"https:\/\/laverdadpublica.com\/index.php\/2024\/10\/06\/operativo-guia-del-orden-publico-deja-39-detenidos-en-la-romana\/","title":{"rendered":"Operativo \u201cGu\u00eda del Orden P\u00fablico\u201d deja 39 detenidos en La Romana"},"content":{"rendered":"<p style=\"text-align: justify;\">Por Felix Rubio<\/p>\n<p style=\"text-align: justify;\">La Polic\u00eda Nacional, en un operativo conjunto, logr\u00f3 la detenci\u00f3n de 39 personas en La Romana, seg\u00fan inform\u00f3 este martes la Direcci\u00f3n Regional Este de la instituci\u00f3n.<\/p>\n<p style=\"text-align: justify;\">Entre los detenidos se encuentra Danny Arias Berroa, alias \u201cDanny\u201d o \u201cEl Viejo\u201d, de 30 a\u00f1os, acusado de herir de bala a Miguel \u00c1ngel Rosa, alias \u201cTochi\u201d, el pasado 18 de septiembre, junto a otro individuo tambi\u00e9n detenido.<\/p>\n<p style=\"text-align: justify;\">Otras cinco personas fueron arrestadas bajo \u00f3rdenes de arresto. Adem\u00e1s, se incautaron 25 motocicletas por infracciones a la Ley de Movilidad.<\/p>\n<p style=\"text-align: justify;\">La operaci\u00f3n \u201cGu\u00eda del Orden P\u00fablico\u201d env\u00eda un claro mensaje de que las autoridades est\u00e1n comprometidas con la seguridad ciudadana.<\/p>\n<p>Fuente: Prensa PN<\/p>\n","protected":false},"excerpt":{"rendered":"<p>Por Felix Rubio La Polic\u00eda Nacional, en un operativo conjunto, logr\u00f3 la detenci\u00f3n de 39<\/p>\n","protected":false},"author":1,"featured_media":28449,"comment_status":"open","ping_status":"open","sticky":false,"template":"","format":"standard","meta":{"footnotes":""},"categories":[7],"tags":[],"class_list":["post-28448","post","type-post","status-publish","format-standard","has-post-thumbnail","hentry","category-nacionales"],"_links":{"self":[{"href":"https:\/\/laverdadpublica.com\/index.php\/wp-json\/wp\/v2\/posts\/28448","targetHints":{"allow":["GET"]}}],"collection":[{"href":"https:\/\/laverdadpublica.com\/index.php\/wp-json\/wp\/v2\/posts"}],"about":[{"href":"https:\/\/laverdadpublica.com\/index.php\/wp-json\/wp\/v2\/types\/post"}],"author":[{"embeddable":true,"href":"https:\/\/laverdadpublica.com\/index.php\/wp-json\/wp\/v2\/users\/1"}],"replies":[{"embeddable":true,"href":"https:\/\/laverdadpublica.com\/index.php\/wp-json\/wp\/v2\/comments?post=28448"}],"version-history":[{"count":1,"href":"https:\/\/laverdadpublica.com\/index.php\/wp-json\/wp\/v2\/posts\/28448\/revisions"}],"predecessor-version":[{"id":28450,"href":"https:\/\/laverdadpublica.com\/index.php\/wp-json\/wp\/v2\/posts\/28448\/revisions\/28450"}],"wp:featuredmedia":[{"embeddable":true,"href":"https:\/\/laverdadpublica.com\/index.php\/wp-json\/wp\/v2\/media\/28449"}],"wp:attachment":[{"href":"https:\/\/laverdadpublica.com\/index.php\/wp-json\/wp\/v2\/media?parent=28448"}],"wp:term":[{"taxonomy":"category","embeddable":true,"href":"https:\/\/laverdadpublica.com\/index.php\/wp-json\/wp\/v2\/categories?post=28448"},{"taxonomy":"post_tag","embeddable":true,"href":"https:\/\/laverdadpublica.com\/index.php\/wp-json\/wp\/v2\/tags?post=28448"}],"curies":[{"name":"wp","href":"https:\/\/api.w.org\/{rel}","templated":true}]}}