{"id":28532,"date":"2024-10-07T13:02:39","date_gmt":"2024-10-07T13:02:39","guid":{"rendered":"https:\/\/laverdadpublica.com\/?p=28532"},"modified":"2024-10-07T13:03:43","modified_gmt":"2024-10-07T13:03:43","slug":"julio-iglesias-responde-a-rumores-de-retiro-lo-anunciare-con-dignidad","status":"publish","type":"post","link":"https:\/\/laverdadpublica.com\/index.php\/2024\/10\/07\/julio-iglesias-responde-a-rumores-de-retiro-lo-anunciare-con-dignidad\/","title":{"rendered":"Julio Iglesias responde a rumores de retiro: \u00ablo anunciar\u00e9 con dignidad\u00bb"},"content":{"rendered":"<blockquote>\n<p style=\"text-align: center;\"><em>\u00abEn estos \u00faltimos a\u00f1os me han matado varias veces, han dicho que tengo Alzheimer, y hoy han llegado a\u00fan m\u00e1s lejos\u00bb,<\/em> &#8211; Julio Iglesias<\/p>\n<\/blockquote>\n<p style=\"text-align: justify;\">Redacci\u00f3n.- Julio Iglesias desminti\u00f3 rotundamente los rumores sobre su retiro de la m\u00fasica y los escenarios. En un comunicado emitido este domingo, el artista espa\u00f1ol, quien recientemente cumpli\u00f3 81 a\u00f1os, expres\u00f3 su molestia ante \u00abla falsa noticia\u00bb que hab\u00eda visto al despertar.<\/p>\n<blockquote>\n<p style=\"text-align: justify;\"><em>\u00abEn estos \u00faltimos a\u00f1os me han matado varias veces, han dicho que tengo Alzheimer, y hoy han llegado a\u00fan m\u00e1s lejos\u00bb, <\/em>coment\u00f3 el int\u00e9rprete de<em> \u00abHey\u00bb.<\/em><\/p>\n<\/blockquote>\n<p style=\"text-align: justify;\">Iglesias se refiri\u00f3 a un periodista que cit\u00f3 a un amigo, afirmando que ya no pod\u00eda ni quer\u00eda cantar m\u00e1s.<\/p>\n<blockquote><p><em>\u00abEl d\u00eda que me vaya a retirar, yo personalmente lo anunciar\u00e9 con pena, pero con dignidad\u00bb,<\/em> a\u00f1adi\u00f3.<\/p><\/blockquote>\n<p style=\"text-align: justify;\">Adem\u00e1s, neg\u00f3 estar sufriendo problemas de movilidad, afirmando que actualmente trabaja en su serie biogr\u00e1fica.<\/p>\n<p style=\"text-align: justify;\"><em>\u00abEs incre\u00edble el mal que puede hacer un mal periodista. Estoy feliz, trabajando con la serie de Netflix que seguramente cambiar\u00e1 mucho la percepci\u00f3n de mi vida. Mientras tanto, y como siempre, todo mi cari\u00f1o\u00bb<\/em>, concluy\u00f3.<\/p>\n<p>Fuente: Noticias SIN<\/p>\n","protected":false},"excerpt":{"rendered":"<p>\u00abEn estos \u00faltimos a\u00f1os me han matado varias veces, han dicho que tengo Alzheimer, y<\/p>\n","protected":false},"author":4,"featured_media":28533,"comment_status":"open","ping_status":"open","sticky":false,"template":"","format":"standard","meta":{"footnotes":""},"categories":[6],"tags":[],"class_list":["post-28532","post","type-post","status-publish","format-standard","has-post-thumbnail","hentry","category-entretenimiento"],"_links":{"self":[{"href":"https:\/\/laverdadpublica.com\/index.php\/wp-json\/wp\/v2\/posts\/28532","targetHints":{"allow":["GET"]}}],"collection":[{"href":"https:\/\/laverdadpublica.com\/index.php\/wp-json\/wp\/v2\/posts"}],"about":[{"href":"https:\/\/laverdadpublica.com\/index.php\/wp-json\/wp\/v2\/types\/post"}],"author":[{"embeddable":true,"href":"https:\/\/laverdadpublica.com\/index.php\/wp-json\/wp\/v2\/users\/4"}],"replies":[{"embeddable":true,"href":"https:\/\/laverdadpublica.com\/index.php\/wp-json\/wp\/v2\/comments?post=28532"}],"version-history":[{"count":2,"href":"https:\/\/laverdadpublica.com\/index.php\/wp-json\/wp\/v2\/posts\/28532\/revisions"}],"predecessor-version":[{"id":28535,"href":"https:\/\/laverdadpublica.com\/index.php\/wp-json\/wp\/v2\/posts\/28532\/revisions\/28535"}],"wp:featuredmedia":[{"embeddable":true,"href":"https:\/\/laverdadpublica.com\/index.php\/wp-json\/wp\/v2\/media\/28533"}],"wp:attachment":[{"href":"https:\/\/laverdadpublica.com\/index.php\/wp-json\/wp\/v2\/media?parent=28532"}],"wp:term":[{"taxonomy":"category","embeddable":true,"href":"https:\/\/laverdadpublica.com\/index.php\/wp-json\/wp\/v2\/categories?post=28532"},{"taxonomy":"post_tag","embeddable":true,"href":"https:\/\/laverdadpublica.com\/index.php\/wp-json\/wp\/v2\/tags?post=28532"}],"curies":[{"name":"wp","href":"https:\/\/api.w.org\/{rel}","templated":true}]}}