{"id":28571,"date":"2024-10-08T00:55:20","date_gmt":"2024-10-08T00:55:20","guid":{"rendered":"https:\/\/laverdadpublica.com\/?p=28571"},"modified":"2024-10-08T00:55:20","modified_gmt":"2024-10-08T00:55:20","slug":"07-de-octubre-dia-mundial-de-los-calvos","status":"publish","type":"post","link":"https:\/\/laverdadpublica.com\/index.php\/2024\/10\/08\/07-de-octubre-dia-mundial-de-los-calvos\/","title":{"rendered":"07 de octubre: D\u00eda Mundial de los Calvos"},"content":{"rendered":"<blockquote>\n<p style=\"text-align: justify;\"><em>Cada 7 de octubre se celebra el D\u00eda Mundial de los Calvos<\/em> .<\/p>\n<\/blockquote>\n<p style=\"text-align: justify;\">\nLa p\u00e9rdida de cabello, ya sea por gen\u00e9tica, enfermedades o por elecci\u00f3n personal, ha sido durante mucho tiempo un tema que a menudo se asocia con preocupaciones est\u00e9ticas. Sin embargo, en los \u00faltimos a\u00f1os, el movimiento en pro de la aceptaci\u00f3n personal ha cobrado fuerza, promoviendo la idea de que el cabello no define la identidad ni la autoestima de una persona.<\/p>\n<p style=\"text-align: justify;\">En todo el mundo, figuras p\u00fablicas, celebridades y personas de a pie han utilizado este d\u00eda para compartir mensajes positivos sobre la calvicie. Adem\u00e1s, las redes sociales han sido un canal clave para difundir esta celebraci\u00f3n. Con etiquetas como #BaldAndProudo#DiaDeLosCalvos.<\/p>\n<p style=\"text-align: justify;\">Desde una perspectiva m\u00e9dica, los dermat\u00f3logos aprovechan este d\u00eda para educar sobre las causas y tratamientos de la p\u00e9rdida de cabello, as\u00ed como para recordar que elegir aceptar la calvicie es una opci\u00f3n v\u00e1lida y respetable. En muchos casos, la calvicie puede ser un signo de fortaleza y de superaci\u00f3n personal.<\/p>\n<p style=\"text-align: justify;\">La calvicie afecta a millones de personas en todo el mundo, tanto hombres como mujeres. De hecho, se estima que m\u00e1s del 50% de los hombres la experimentan.<\/p>\n<p style=\"text-align: justify;\"><strong>El D\u00eda Mundial de los Calvos<\/strong> no es solo una jornada para quienes han perdido su cabello, sino una invitaci\u00f3n a la sociedad para reflexionar sobre la diversidad de la belleza y la importancia de aceptarnos tal como somos. \u00a1As\u00ed que celebraremos este d\u00eda con orgullo y celebraremos a quienes lucen su calvicie con estilo y elegancia.<\/p>\n<p>Fuente: El D\u00eda<\/p>\n","protected":false},"excerpt":{"rendered":"<p>Cada 7 de octubre se celebra el D\u00eda Mundial de los Calvos . La p\u00e9rdida<\/p>\n","protected":false},"author":2,"featured_media":28572,"comment_status":"open","ping_status":"open","sticky":false,"template":"","format":"standard","meta":{"footnotes":""},"categories":[16],"tags":[],"class_list":["post-28571","post","type-post","status-publish","format-standard","has-post-thumbnail","hentry","category-internacionales"],"_links":{"self":[{"href":"https:\/\/laverdadpublica.com\/index.php\/wp-json\/wp\/v2\/posts\/28571","targetHints":{"allow":["GET"]}}],"collection":[{"href":"https:\/\/laverdadpublica.com\/index.php\/wp-json\/wp\/v2\/posts"}],"about":[{"href":"https:\/\/laverdadpublica.com\/index.php\/wp-json\/wp\/v2\/types\/post"}],"author":[{"embeddable":true,"href":"https:\/\/laverdadpublica.com\/index.php\/wp-json\/wp\/v2\/users\/2"}],"replies":[{"embeddable":true,"href":"https:\/\/laverdadpublica.com\/index.php\/wp-json\/wp\/v2\/comments?post=28571"}],"version-history":[{"count":1,"href":"https:\/\/laverdadpublica.com\/index.php\/wp-json\/wp\/v2\/posts\/28571\/revisions"}],"predecessor-version":[{"id":28573,"href":"https:\/\/laverdadpublica.com\/index.php\/wp-json\/wp\/v2\/posts\/28571\/revisions\/28573"}],"wp:featuredmedia":[{"embeddable":true,"href":"https:\/\/laverdadpublica.com\/index.php\/wp-json\/wp\/v2\/media\/28572"}],"wp:attachment":[{"href":"https:\/\/laverdadpublica.com\/index.php\/wp-json\/wp\/v2\/media?parent=28571"}],"wp:term":[{"taxonomy":"category","embeddable":true,"href":"https:\/\/laverdadpublica.com\/index.php\/wp-json\/wp\/v2\/categories?post=28571"},{"taxonomy":"post_tag","embeddable":true,"href":"https:\/\/laverdadpublica.com\/index.php\/wp-json\/wp\/v2\/tags?post=28571"}],"curies":[{"name":"wp","href":"https:\/\/api.w.org\/{rel}","templated":true}]}}