{"id":28802,"date":"2024-10-10T13:23:44","date_gmt":"2024-10-10T13:23:44","guid":{"rendered":"https:\/\/laverdadpublica.com\/?p=28802"},"modified":"2024-10-10T13:28:41","modified_gmt":"2024-10-10T13:28:41","slug":"que-significa-el-dia-de-la-salud-mental-y-por-que-se-celebra","status":"publish","type":"post","link":"https:\/\/laverdadpublica.com\/index.php\/2024\/10\/10\/que-significa-el-dia-de-la-salud-mental-y-por-que-se-celebra\/","title":{"rendered":"\u00bfQu\u00e9 significa el D\u00eda de la Salud Mental y por qu\u00e9 se celebra?"},"content":{"rendered":"<p style=\"text-align: justify;\">\u00a0Cada 10 de octubre, la Organizaci\u00f3n Mundial de la Salud celebra el D\u00eda Mundial de la Salud Mental, una iniciativa destinada a aumentar la conciencia sobre los problemas de salud mental y a combatir los mitos y estigmas que los rodean.<\/p>\n<p style=\"text-align: justify;\">Esta conmemoraci\u00f3n fue decretada por primera vez en 1992 por la\u00a0Federaci\u00f3n Mundial de la Salud Mental (WFMH\u00a0por sus siglas en ingl\u00e9s), bajo la direcci\u00f3n de Richard Hunter, quien en ese momento ocupaba el cargo de secretario general adjunto. Desde ese momento se celebra el 10 de octubre de cada a\u00f1o con el fin de sensibilizar a la comunidad global sobre cuestiones esenciales de salud mental, colaborando con m\u00faltiples socios para implementar acciones y lograr un cambio duradero.<\/p>\n<p style=\"text-align: justify;\">Seg\u00fan la organizaci\u00f3n, esta fecha ha sido clave para concientizar al mundo sobre la relevancia de la salud mental. La WFMH, que comenz\u00f3 su labor\u00a0<a href=\"https:\/\/www.paho.org\/es\/dia-mundial-salud\" target=\"_blank\" rel=\"noopener\">en 1948<\/a>,\u00a0se comprometi\u00f3 a asegurar que todas las personas, especialmente ni\u00f1os, minor\u00edas y grupos desplazados, tuvieran garantizado el derecho a una salud mental \u00f3ptima y protegida.<\/p>\n<div class=\"ad-slot-dynamic ad-slot-dynamic--1\" style=\"text-align: justify;\" data-uri=\"es.cms.cnn.com\/_components\/ad-slot-dynamic\/instances\/sharethrough@published\" data-placement=\"{&quot;mobile&quot;:{&quot;position&quot;:5},&quot;desktop&quot;:{&quot;position&quot;:3}}\" data-unselectable=\"true\">\n<div class=\"ad-slot adSlotLoaded\" data-uri=\"es.cms.cnn.com\/_components\/ad-slot\/instances\/cnne-v1@published\" data-path=\"end\/ad-slot-dynamic[0]\/items\" data-desktop-slot-id=\"ad_nat_btf_01\" data-mobile-slot-id=\"ad_nat_btf_01\" data-unselectable=\"true\" data-ad-slot-rendered-size=\"910x113\">\n<div id=\"ad_nat_btf_01\" class=\"ad adfuel-rendered\" data-google-query-id=\"CIny197zg4kDFdGWywEdFBgcLQ\"><strong>\u00bfCu\u00e1l es el lema del D\u00eda Mundial de la Salud Mental 2024?<\/strong><\/div>\n<\/div>\n<\/div>\n<p style=\"text-align: justify;\">La Campa\u00f1a Mundial de 2024 y sus iniciativas se fundamentan en\u00a0el lema oficial\u00a0del D\u00eda Mundial de la Salud Mental de este a\u00f1o: \u201cEs hora de priorizar la salud mental en el lugar de trabajo\u201d.<\/p>\n<p style=\"text-align: justify;\">En un\u00a0comunicado, la OMS destac\u00f3 que los lugares de trabajo seguros y saludables ayudan a proteger la salud mental, \u201cmientras que las condiciones poco saludables, la estigmatizaci\u00f3n, la discriminaci\u00f3n y la exposici\u00f3n a riesgos como el acoso y otras condiciones de trabajo deficientes son riesgos importantes\u201d. La OMS se\u00f1ala que si se tiene en cuenta que \u201cel 60 % de la poblaci\u00f3n mundial trabaja, resulta urgente tomar medidas para que el trabajo prevenga los riesgos para la salud mental y la proteja y fomente\u201d.<\/p>\n<p id=\"por-que-es-importante-el-dia-mundial-de-la-salud-mental\" class=\"subheader inline-placeholder\" style=\"text-align: justify;\" data-editable=\"text\" data-uri=\"es.cms.cnn.com\/_components\/subheader\/instances\/subheader-40b06fbd60121bb01884926da795d90f@published\" data-component-name=\"subheader\" data-article-gutter=\"true\"><strong>\u00bfPor qu\u00e9 es importante el D\u00eda Mundial de la Salud Mental?<\/strong><\/p>\n<p style=\"text-align: justify;\">Seg\u00fan la Organizaci\u00f3n Panamericana de la Salud,\u00a0<a href=\"https:\/\/www.paho.org\/es\/boletin-desastres-n131-impacto-pandemia-covid-19-salud-mental-poblacion#:~:text=con%20s%C3%ADntomas%20recientes%20de%20ansiedad,Centros%20para%20el%20Control%20y\" target=\"_blank\" rel=\"noopener\">la pandemia de covid-19<\/a>\u00a0empeor\u00f3 la salud mental a nivel mundial, generando un aumento preocupante en los nuevos casos y un deterioro de las condiciones ya existentes. Esto ha causado interrupciones significativas en los servicios para tratar trastornos mentales, neurol\u00f3gicos y de adicci\u00f3n.<\/p>\n<blockquote>\n<p style=\"text-align: justify;\">\u201cLa salud mental es tan importante como la salud f\u00edsica. Cuando avanzamos con sistemas de diagn\u00f3stico y de tratamiento para condiciones de salud mental como por ejemplo la depresi\u00f3n o la esquizofrenia, no estamos solamente ayudando a las personas a reducir su sufrimiento, que ya es un objetivo muy importante, sino tambi\u00e9n avanzando con la cobertura de servicios de salud mental y as\u00ed podemos mejorar el tratamiento de otras condiciones\u201d, dijo Renato Oliveira, jefe de la Unidad de Salud Mental de la OPS y OMS durante\u00a0<a href=\"https:\/\/www.youtube.com\/watch?v=_IKg0mbwA-4&amp;t=6s\" target=\"_blank\" rel=\"noopener\">un conversatorio abierto<\/a>\u00a0realizado en 2023 v\u00eda YouTube.<\/p>\n<\/blockquote>\n<div class=\"list \" style=\"text-align: justify;\" data-uri=\"es.cms.cnn.com\/_components\/list\/instances\/list-b71af1ba1a70e5f06dce70d6d43326d5@published\" data-article-gutter=\"true\">De otro lado, una encuesta representativa llevada a cabo por Ipsos, una empresa internacional de sondeo de opini\u00f3n y publicada por la compa\u00f1\u00eda de seguros alemana AXA en el <a class=\"external-link\" href=\"https:\/\/www-axa-com.cdn.axa-contento-118412.eu\/www-axa-com\/d41133bc-5fa9-4a5d-b664-316282190d78_axa_mind_health_report_2024.pdf\" target=\"_blank\" rel=\"noopener nofollow\">Informe de Salud Mental 2024\u00a0<\/a>se\u00f1ala que el \u00edndice de salud mental se ha deteriorado en los \u00faltimos 12 meses. Alrededor del 32 % de la poblaci\u00f3n en el mundo dice que experimenta problemas de salud mental.<\/div>\n<p style=\"text-align: justify;\">El estudio destac\u00f3 que durante la pandemia de covid-19 se hizo hincapi\u00e9 en la crisis de salud mental de los j\u00f3venes. Cuatro a\u00f1os despu\u00e9s, la situaci\u00f3n sigue empeorando, pues uno de los resultados que m\u00e1s se destac\u00f3 es que el 39 % de los j\u00f3venes entre 18 y 24 a\u00f1os padecen formas graves o extremadamente graves de ansiedad, estr\u00e9s o depresi\u00f3n. \u201cHoy en d\u00eda, muchas personas subestiman el estado actual de su salud mental, afirmando que est\u00e1n bien mientras que al mismo tiempo reportan numerosos s\u00edntomas\u201d. Seg\u00fan los resultados, \u201cel 40 % de las personas con problemas de salud mental actuales est\u00e1n controlando su trastorno por s\u00ed mismos\u201d.<\/p>\n<p style=\"text-align: justify;\">Otro aspecto notable en el informe de AXA es que el lugar de trabajo puede contribuir positiva o negativamente en la salud mental. \u201cHay momentos en que el lugar de trabajo contribuye a que los empleados trabajen muchas horas, tengan estr\u00e9s y ansiedad, lo que lleva a un creciente reconocimiento de la importancia de apoyar su salud mental\u201d. Sin embargo, destaca que el lugar de trabajo tambi\u00e9n puede contribuir positivamente a que este sea un centro de innovaci\u00f3n, camarader\u00eda, tutor\u00eda y crecimiento para los empleados.<\/p>\n<p style=\"text-align: justify;\">Sobre este \u00faltimo punto, Ilana Ron-Levey directora ejecutiva del Sector P\u00fablico de Gallup, se\u00f1al\u00f3 en el programa\u00a0<a href=\"https:\/\/www.youtube.com\/watch?v=rUuC_7Fw4DM\" target=\"_blank\" rel=\"noopener\">\u201cOppenheimer Presenta\u201d<\/a>\u00a0de CNN que como resultado de una encuesta mundial realizada entre marzo de 2023 y marzo de 2024 sobre estr\u00e9s laboral y su relaci\u00f3n con la salud mental, \u201cexiste una relaci\u00f3n muy fuerte entre c\u00f3mo se siente la gente en el trabajo y c\u00f3mo se siente emocionalmente en general. Tenemos cifras r\u00e9cord de empleados que dicen que se sienten muy estresados en el trabajo y sabemos que despu\u00e9s de la pandemia la crisis de salud mental, la desconexi\u00f3n con los amigos y con los empleadores est\u00e1n aumentando\u201d.<\/p>\n<p>Fuente: CNN Espa\u00f1ol<\/p>\n","protected":false},"excerpt":{"rendered":"<p>\u00a0Cada 10 de octubre, la Organizaci\u00f3n Mundial de la Salud celebra el D\u00eda Mundial de<\/p>\n","protected":false},"author":2,"featured_media":28803,"comment_status":"open","ping_status":"open","sticky":false,"template":"","format":"standard","meta":{"footnotes":""},"categories":[16],"tags":[],"class_list":["post-28802","post","type-post","status-publish","format-standard","has-post-thumbnail","hentry","category-internacionales"],"_links":{"self":[{"href":"https:\/\/laverdadpublica.com\/index.php\/wp-json\/wp\/v2\/posts\/28802","targetHints":{"allow":["GET"]}}],"collection":[{"href":"https:\/\/laverdadpublica.com\/index.php\/wp-json\/wp\/v2\/posts"}],"about":[{"href":"https:\/\/laverdadpublica.com\/index.php\/wp-json\/wp\/v2\/types\/post"}],"author":[{"embeddable":true,"href":"https:\/\/laverdadpublica.com\/index.php\/wp-json\/wp\/v2\/users\/2"}],"replies":[{"embeddable":true,"href":"https:\/\/laverdadpublica.com\/index.php\/wp-json\/wp\/v2\/comments?post=28802"}],"version-history":[{"count":1,"href":"https:\/\/laverdadpublica.com\/index.php\/wp-json\/wp\/v2\/posts\/28802\/revisions"}],"predecessor-version":[{"id":28804,"href":"https:\/\/laverdadpublica.com\/index.php\/wp-json\/wp\/v2\/posts\/28802\/revisions\/28804"}],"wp:featuredmedia":[{"embeddable":true,"href":"https:\/\/laverdadpublica.com\/index.php\/wp-json\/wp\/v2\/media\/28803"}],"wp:attachment":[{"href":"https:\/\/laverdadpublica.com\/index.php\/wp-json\/wp\/v2\/media?parent=28802"}],"wp:term":[{"taxonomy":"category","embeddable":true,"href":"https:\/\/laverdadpublica.com\/index.php\/wp-json\/wp\/v2\/categories?post=28802"},{"taxonomy":"post_tag","embeddable":true,"href":"https:\/\/laverdadpublica.com\/index.php\/wp-json\/wp\/v2\/tags?post=28802"}],"curies":[{"name":"wp","href":"https:\/\/api.w.org\/{rel}","templated":true}]}}