{"id":28829,"date":"2024-10-10T14:23:44","date_gmt":"2024-10-10T14:23:44","guid":{"rendered":"https:\/\/laverdadpublica.com\/?p=28829"},"modified":"2024-10-10T14:23:44","modified_gmt":"2024-10-10T14:23:44","slug":"camara-minera-respaldara-proyecto-romero-exigiran-datos-antes-de-tomar-decisiones","status":"publish","type":"post","link":"https:\/\/laverdadpublica.com\/index.php\/2024\/10\/10\/camara-minera-respaldara-proyecto-romero-exigiran-datos-antes-de-tomar-decisiones\/","title":{"rendered":"C\u00e1mara Minera respaldar\u00e1 Proyecto Romero: exigir\u00e1n datos antes de tomar decisiones"},"content":{"rendered":"<p style=\"text-align: justify;\">Sobre el futuro minero de la Rep\u00fablica Dominicana se encuentra el pol\u00e9mico proyecto Romero en San Juan. Durante una reciente entrevista en el programa \u201cEsto No Tiene Nombre\u201d, Mart\u00edn Valerio, director ejecutivo de la C\u00e1mara Minera Petrolera, se refiri\u00f3 a las inquietudes planteadas por varios sectores sobre el impacto ambiental de esta iniciativa.<\/p>\n<p style=\"text-align: justify;\">Valerio subray\u00f3 que, a pesar de las preocupaciones, la C\u00e1mara Minera respalda el proyecto y est\u00e1 a la espera de un estudio de impacto ambiental que permita evaluar de manera cient\u00edfica sus efectos. \u201cEs esencial contar con datos concretos antes de tomar decisiones dr\u00e1sticas\u201d, afirm\u00f3.<\/p>\n<p style=\"text-align: justify;\">El proyecto ha suscitado la oposici\u00f3n del senador de la regi\u00f3n, quien ha abogado por declarar el \u00e1rea como parque nacional. Valerio argument\u00f3 que es crucial llevar a cabo investigaciones adecuadas para entender el verdadero impacto del proyecto, en lugar de basar las decisiones en percepciones o suposiciones.<\/p>\n<blockquote>\n<p style=\"text-align: justify;\">\u201cCon la tecnolog\u00eda adecuada y regulaciones estrictas, la miner\u00eda puede coexistir con la conservaci\u00f3n ambiental\u201d, asegur\u00f3 Valerio, enfatizando que el progreso econ\u00f3mico no debe estar re\u00f1ido con la protecci\u00f3n del medio ambiente.<\/p>\n<\/blockquote>\n<p style=\"text-align: justify;\">Esta perspectiva invita a un di\u00e1logo constructivo entre las partes interesadas, buscando un equilibrio que beneficie tanto a la econom\u00eda local como a la preservaci\u00f3n de los recursos naturales.<\/p>\n<p>&nbsp;<\/p>\n<p>Fuente:<\/p>\n","protected":false},"excerpt":{"rendered":"<p>Sobre el futuro minero de la Rep\u00fablica Dominicana se encuentra el pol\u00e9mico proyecto Romero en<\/p>\n","protected":false},"author":1,"featured_media":28830,"comment_status":"open","ping_status":"open","sticky":false,"template":"","format":"standard","meta":{"footnotes":""},"categories":[7],"tags":[],"class_list":["post-28829","post","type-post","status-publish","format-standard","has-post-thumbnail","hentry","category-nacionales"],"_links":{"self":[{"href":"https:\/\/laverdadpublica.com\/index.php\/wp-json\/wp\/v2\/posts\/28829","targetHints":{"allow":["GET"]}}],"collection":[{"href":"https:\/\/laverdadpublica.com\/index.php\/wp-json\/wp\/v2\/posts"}],"about":[{"href":"https:\/\/laverdadpublica.com\/index.php\/wp-json\/wp\/v2\/types\/post"}],"author":[{"embeddable":true,"href":"https:\/\/laverdadpublica.com\/index.php\/wp-json\/wp\/v2\/users\/1"}],"replies":[{"embeddable":true,"href":"https:\/\/laverdadpublica.com\/index.php\/wp-json\/wp\/v2\/comments?post=28829"}],"version-history":[{"count":1,"href":"https:\/\/laverdadpublica.com\/index.php\/wp-json\/wp\/v2\/posts\/28829\/revisions"}],"predecessor-version":[{"id":28831,"href":"https:\/\/laverdadpublica.com\/index.php\/wp-json\/wp\/v2\/posts\/28829\/revisions\/28831"}],"wp:featuredmedia":[{"embeddable":true,"href":"https:\/\/laverdadpublica.com\/index.php\/wp-json\/wp\/v2\/media\/28830"}],"wp:attachment":[{"href":"https:\/\/laverdadpublica.com\/index.php\/wp-json\/wp\/v2\/media?parent=28829"}],"wp:term":[{"taxonomy":"category","embeddable":true,"href":"https:\/\/laverdadpublica.com\/index.php\/wp-json\/wp\/v2\/categories?post=28829"},{"taxonomy":"post_tag","embeddable":true,"href":"https:\/\/laverdadpublica.com\/index.php\/wp-json\/wp\/v2\/tags?post=28829"}],"curies":[{"name":"wp","href":"https:\/\/api.w.org\/{rel}","templated":true}]}}