{"id":29002,"date":"2024-10-10T02:52:56","date_gmt":"2024-10-10T02:52:56","guid":{"rendered":"https:\/\/laverdadpublica.com\/?p=29002"},"modified":"2024-10-12T02:53:06","modified_gmt":"2024-10-12T02:53:06","slug":"alcaldia-de-santo-domingo-este-conmemora-el-dia-mundial-de-la-salud-mental-con-conferencia-sobre-su-importancia-en-los-municipios","status":"publish","type":"post","link":"https:\/\/laverdadpublica.com\/index.php\/2024\/10\/10\/alcaldia-de-santo-domingo-este-conmemora-el-dia-mundial-de-la-salud-mental-con-conferencia-sobre-su-importancia-en-los-municipios\/","title":{"rendered":"Alcald\u00eda de Santo Domingo Este conmemora el D\u00eda Mundial de la Salud Mental con conferencia sobre su importancia en los municipios"},"content":{"rendered":"<p style=\"text-align: justify;\">La Alcald\u00eda de Santo Domingo Este, en conmemoraci\u00f3n del D\u00eda Mundial de la Salud Mental, celebr\u00f3 este 10 de octubre la conferencia \u201cImportancia de la Salud Mental en los Municipios\u201d.<\/p>\n<p style=\"text-align: justify;\">El evento tuvo lugar en el lobby del Palacio Municipal Doctor Jos\u00e9 Francisco Pe\u00f1a G\u00f3mez y fue impartido por el licenciado Hanoi Vargas, expresidente del Colegio Dominicano de Psic\u00f3logos (CODOPSI). La ponencia cont\u00f3 con la asistencia de alrededor de 200 personas, quienes mostraron gran inter\u00e9s en la tem\u00e1tica.<\/p>\n<p style=\"text-align: justify;\">La actividad inici\u00f3 con las palabras de bienvenida a cargo de la vicealcaldesa, \u00c1ngela Henr\u00edquez, quien expres\u00f3 la importancia de la concienciaci\u00f3n de esta problem\u00e1tica.<\/p>\n<blockquote>\n<p style=\"text-align: justify;\">\u201cEl estar aqu\u00ed confirma la alta preocupaci\u00f3n que tenemos como ciudadanos y autoridades por el tema de la salud mental. Este es un inicio hacia una serie de programas, acciones y planes que desde esta Alcald\u00eda implementaremos para atender a los sectores m\u00e1s vulnerables de nuestro municipio\u201d, cit\u00f3.<\/p>\n<\/blockquote>\n<p style=\"text-align: justify;\">Henr\u00edquez tambi\u00e9n agradeci\u00f3 a los presentes por su inter\u00e9s en el bienestar mental de la ciudad y destac\u00f3 el apoyo incondicional del alcalde D\u00edo Astacio en esta iniciativa.<\/p>\n<p style=\"text-align: justify;\">Mientras que, Hanoi Vargas resalt\u00f3 la importancia de la salud mental como un componente esencial para el desarrollo personal y social:<\/p>\n<blockquote>\n<p style=\"text-align: justify;\">\u201cLa salud mental no solo implica afecciones graves, sino tambi\u00e9n la capacidad de las personas para afrontar las tensiones de la vida diaria, desarrollarse productivamente y alcanzar su m\u00e1ximo potencial\u201d.<\/p>\n<\/blockquote>\n<p style=\"text-align: justify;\">Durante su intervenci\u00f3n, Vargas abord\u00f3 temas como el aumento de casos de depresi\u00f3n y ansiedad en los \u00faltimos a\u00f1os, el impacto del estr\u00e9s laboral y cotidiano, la crisis clim\u00e1tica, la desigualdad, el acoso, bullying, entre otros t\u00f3picos.<\/p>\n<p style=\"text-align: justify;\">Adem\u00e1s, subray\u00f3 la necesidad de que las aseguradoras cubran los costos de atenci\u00f3n psicol\u00f3gica y destac\u00f3 la importancia de impulsar pol\u00edticas p\u00fablicas para garantizar un acceso m\u00e1s amplio a estos servicios.<\/p>\n<p style=\"text-align: justify;\">Hanoi Vargas es psic\u00f3logo cl\u00ednico graduado de la Universidad Aut\u00f3noma de Santo Domingo (UASD), quien cuenta con m\u00e1s de 22 a\u00f1os de experiencia en el tratamiento de adicciones y temas de salud mental.<\/p>\n<p style=\"text-align: justify;\">El evento cont\u00f3 con la bendici\u00f3n del obispo Tito Isabel Reyes, enlace de las Iglesias y la Alcald\u00eda, quien destac\u00f3 la necesidad de tener la mente y el cuerpo sano.<\/p>\n<p style=\"text-align: justify;\">En la \u00faltima parte de la conferencia, los asistentes tuvieron la oportunidad de externar sus dudas y comentarios, bajo la orientaci\u00f3n de la licenciada Yanis Mej\u00eda, presidenta de CODOPSI.<\/p>\n<p style=\"text-align: justify;\">Entre los asistentes se encontraban Evelyn Garc\u00eda de Astacio, esposa del alcalde D\u00edo Astacio; Jes\u00fas Col\u00f3n, secretario general de la Alcald\u00eda; as\u00ed como regidores, directores, colaboradores, y funcionarios del sector salud.<\/p>\n<p style=\"text-align: justify;\">La Alcald\u00eda de Santo Domingo Este reafirma su compromiso con la promoci\u00f3n de la salud mental como parte de sus pol\u00edticas p\u00fablicas, garantizando un mayor acceso a servicios psicol\u00f3gicos gratuitos y de calidad, especialmente para los sectores m\u00e1s vulnerables del municipio.<\/p>\n<p>Fuente: Prensa SDE<\/p>\n","protected":false},"excerpt":{"rendered":"<p>La Alcald\u00eda de Santo Domingo Este, en conmemoraci\u00f3n del D\u00eda Mundial de la Salud Mental,<\/p>\n","protected":false},"author":4,"featured_media":29003,"comment_status":"open","ping_status":"open","sticky":false,"template":"","format":"standard","meta":{"footnotes":""},"categories":[7],"tags":[],"class_list":["post-29002","post","type-post","status-publish","format-standard","has-post-thumbnail","hentry","category-nacionales"],"_links":{"self":[{"href":"https:\/\/laverdadpublica.com\/index.php\/wp-json\/wp\/v2\/posts\/29002","targetHints":{"allow":["GET"]}}],"collection":[{"href":"https:\/\/laverdadpublica.com\/index.php\/wp-json\/wp\/v2\/posts"}],"about":[{"href":"https:\/\/laverdadpublica.com\/index.php\/wp-json\/wp\/v2\/types\/post"}],"author":[{"embeddable":true,"href":"https:\/\/laverdadpublica.com\/index.php\/wp-json\/wp\/v2\/users\/4"}],"replies":[{"embeddable":true,"href":"https:\/\/laverdadpublica.com\/index.php\/wp-json\/wp\/v2\/comments?post=29002"}],"version-history":[{"count":1,"href":"https:\/\/laverdadpublica.com\/index.php\/wp-json\/wp\/v2\/posts\/29002\/revisions"}],"predecessor-version":[{"id":29004,"href":"https:\/\/laverdadpublica.com\/index.php\/wp-json\/wp\/v2\/posts\/29002\/revisions\/29004"}],"wp:featuredmedia":[{"embeddable":true,"href":"https:\/\/laverdadpublica.com\/index.php\/wp-json\/wp\/v2\/media\/29003"}],"wp:attachment":[{"href":"https:\/\/laverdadpublica.com\/index.php\/wp-json\/wp\/v2\/media?parent=29002"}],"wp:term":[{"taxonomy":"category","embeddable":true,"href":"https:\/\/laverdadpublica.com\/index.php\/wp-json\/wp\/v2\/categories?post=29002"},{"taxonomy":"post_tag","embeddable":true,"href":"https:\/\/laverdadpublica.com\/index.php\/wp-json\/wp\/v2\/tags?post=29002"}],"curies":[{"name":"wp","href":"https:\/\/api.w.org\/{rel}","templated":true}]}}