{"id":29062,"date":"2024-10-12T04:24:33","date_gmt":"2024-10-12T04:24:33","guid":{"rendered":"https:\/\/laverdadpublica.com\/?p=29062"},"modified":"2024-10-12T15:31:31","modified_gmt":"2024-10-12T15:31:31","slug":"el-cantante-venezolano-rudy-marquez-murio-a-los-81-anos-en-medellin","status":"publish","type":"post","link":"https:\/\/laverdadpublica.com\/index.php\/2024\/10\/12\/el-cantante-venezolano-rudy-marquez-murio-a-los-81-anos-en-medellin\/","title":{"rendered":"El cantante venezolano Rudy M\u00e1rquez muri\u00f3 a los 81 a\u00f1os en Medell\u00edn"},"content":{"rendered":"<p style=\"text-align: justify;\">El cantante venezolano falleci\u00f3 a ra\u00edz de su batalla contra el c\u00e1ncer de p\u00e1ncreas.<\/p>\n<p style=\"text-align: justify;\">El mundo de la m\u00fasica rom\u00e1ntica despide a una de sus m\u00e1s grandes figuras. El cantante venezolano Rudy M\u00e1rquez falleci\u00f3 a los 81 a\u00f1os en la Cl\u00ednica Las Am\u00e9ricas de Medell\u00edn este mi\u00e9rcoles 9 de octubre.<\/p>\n<p style=\"text-align: justify;\">El artista ven\u00eda enfrentando una dura batalla contra el c\u00e1ncer de p\u00e1ncreas.<\/p>\n<p style=\"text-align: justify;\">El cantante dej\u00f3 un mensaje p\u00f3stumo publicado en su Instagram para sus seguidores:<\/p>\n<blockquote>\n<p style=\"text-align: justify;\">\u201cMe despido con amor y gratitud por cada instante compartido. Aunque me voy, siempre estar\u00e9 en cada recuerdo y en cada canci\u00f3n y en todos los corazones que toqu\u00e9 con cada nota musical. Sent\u00ed el amor de un p\u00fablico incre\u00edble. Gracias vida, gracias mundo. Cu\u00eddense mucho\u201d.<\/p>\n<\/blockquote>\n<p style=\"text-align: justify;\">El artista Rudy M\u00e1rquez desarroll\u00f3 una carrera musical que lo llev\u00f3 a ganarse el aprecio de miles de fan\u00e1ticos en Latinoam\u00e9rica.<\/p>\n<p style=\"text-align: justify;\">Rudy M\u00e1rquez dej\u00f3 una huella imborrable en la m\u00fasica latina con temas ic\u00f3nicos como \u00abElla no volvi\u00f3\u00bb, \u00abMis a\u00f1os con ella\u00bb y \u00abJuro por mi vida\u00bb, que lograron consolidarse como himnos del amor y el desamor.<\/p>\n<p style=\"text-align: justify;\">Su voz inconfundible y cargada de sentimiento, lo posicion\u00f3 como una de las figuras m\u00e1s representativas del g\u00e9nero de la balada rom\u00e1ntica en Am\u00e9rica Latina, durante las d\u00e9cadas de los 70 y 80.<\/p>\n<p style=\"text-align: justify;\">En la comunicaci\u00f3n, el equipo del artista expres\u00f3 la profunda tristeza por su fallecimiento y destac\u00f3 la certeza de que su legado musical permanecer\u00e1 intacto.<\/p>\n<blockquote>\n<p style=\"text-align: justify;\">\u00abA pesar de su partida f\u00edsica, estamos seguros de que su m\u00fasica seguir\u00e1 vigente, ya que se ha convertido en cl\u00e1sicos que perduran en la memoria y el coraz\u00f3n de toda su fanaticada\u00bb, se\u00f1ala uno de los apartes del comunicado.<\/p>\n<\/blockquote>\n<p style=\"text-align: justify;\">Nacido en Venezuela, Rudy M\u00e1rquez desarroll\u00f3 una carrera musical que lo llev\u00f3 a ganarse el aprecio de miles de personas a lo largo de Am\u00e9rica Latina<\/p>\n<blockquote>\n<p style=\"text-align: justify;\">\u00abSer\u00e1 recordado por su extraordinaria voz, las grandes historias de amor y desamor que est\u00e1n plasmadas en las letras de sus canciones y mantener presente el g\u00e9nero de la balada. Rudy M\u00e1rquez por siempre ser\u00e1 nuestro &#8216;eterno rom\u00e1ntico'\u00bb, agreg\u00f3 el comunicado.<\/p>\n<\/blockquote>\n<p style=\"text-align: justify;\">Se espera que en las pr\u00f3ximas horas los familiares del artista entreguen m\u00e1s detalles sobre su muerte y si sus exequias se realizar\u00e1n en el pa\u00eds.<\/p>\n<p>Fuente: Cr\u00f3nicas con Novas<\/p>\n","protected":false},"excerpt":{"rendered":"<p>El cantante venezolano falleci\u00f3 a ra\u00edz de su batalla contra el c\u00e1ncer de p\u00e1ncreas. El<\/p>\n","protected":false},"author":1,"featured_media":29065,"comment_status":"open","ping_status":"open","sticky":false,"template":"","format":"standard","meta":{"footnotes":""},"categories":[16],"tags":[],"class_list":["post-29062","post","type-post","status-publish","format-standard","has-post-thumbnail","hentry","category-internacionales"],"_links":{"self":[{"href":"https:\/\/laverdadpublica.com\/index.php\/wp-json\/wp\/v2\/posts\/29062","targetHints":{"allow":["GET"]}}],"collection":[{"href":"https:\/\/laverdadpublica.com\/index.php\/wp-json\/wp\/v2\/posts"}],"about":[{"href":"https:\/\/laverdadpublica.com\/index.php\/wp-json\/wp\/v2\/types\/post"}],"author":[{"embeddable":true,"href":"https:\/\/laverdadpublica.com\/index.php\/wp-json\/wp\/v2\/users\/1"}],"replies":[{"embeddable":true,"href":"https:\/\/laverdadpublica.com\/index.php\/wp-json\/wp\/v2\/comments?post=29062"}],"version-history":[{"count":1,"href":"https:\/\/laverdadpublica.com\/index.php\/wp-json\/wp\/v2\/posts\/29062\/revisions"}],"predecessor-version":[{"id":29066,"href":"https:\/\/laverdadpublica.com\/index.php\/wp-json\/wp\/v2\/posts\/29062\/revisions\/29066"}],"wp:featuredmedia":[{"embeddable":true,"href":"https:\/\/laverdadpublica.com\/index.php\/wp-json\/wp\/v2\/media\/29065"}],"wp:attachment":[{"href":"https:\/\/laverdadpublica.com\/index.php\/wp-json\/wp\/v2\/media?parent=29062"}],"wp:term":[{"taxonomy":"category","embeddable":true,"href":"https:\/\/laverdadpublica.com\/index.php\/wp-json\/wp\/v2\/categories?post=29062"},{"taxonomy":"post_tag","embeddable":true,"href":"https:\/\/laverdadpublica.com\/index.php\/wp-json\/wp\/v2\/tags?post=29062"}],"curies":[{"name":"wp","href":"https:\/\/api.w.org\/{rel}","templated":true}]}}