{"id":29393,"date":"2024-10-16T12:24:14","date_gmt":"2024-10-16T12:24:14","guid":{"rendered":"https:\/\/laverdadpublica.com\/?p=29393"},"modified":"2024-10-16T12:24:14","modified_gmt":"2024-10-16T12:24:14","slug":"unade-es-seleccionada-para-plan-piloto-de-ventanilla-unica-en-republica-dominicana","status":"publish","type":"post","link":"https:\/\/laverdadpublica.com\/index.php\/2024\/10\/16\/unade-es-seleccionada-para-plan-piloto-de-ventanilla-unica-en-republica-dominicana\/","title":{"rendered":"UNADE es seleccionada para plan piloto de Ventanilla \u00danica en Rep\u00fablica Dominicana"},"content":{"rendered":"<div id=\"body-wrapper\" class=\"item\">\n<div id=\"content-wrapper\" class=\"body-row\">\n<div id=\"main-wrapper\">\n<div id=\"main\" class=\"main section\">\n<div id=\"Blog1\" class=\"widget Blog\" data-version=\"1\">\n<div class=\"blog-posts hfeed\">\n<div class=\"date-outer\">\n<div class=\"date-posts\">\n<div class=\"post-outer\">\n<div class=\"post hentry\">\n<div>\n<article>\n<div id=\"post-body-7330416649061900983\" class=\"post-body entry-content\" style=\"text-align: justify;\">\n<p style=\"text-align: justify;\">La Universidad Nacional para la Defensa \u00abGeneral Juan Pablo Duarte y D\u00edez\u00bb (UNADE) ha sido seleccionada como parte del exclusivo Plan Piloto para la Implementaci\u00f3n de la Ventanilla \u00danica en la Rep\u00fablica Dominicana, un proyecto clave impulsado por el gobierno para mejorar la eficiencia y accesibilidad en la gesti\u00f3n de tr\u00e1mites p\u00fablicos. Esta nueva modalidad busca simplificar los procesos burocr\u00e1ticos al permitir que las instituciones del Estado, empresas y ciudadanos puedan realizar gestiones en un solo punto de contacto, integrando servicios y reduciendo los tiempos de espera.<\/p>\n<p style=\"text-align: justify;\">La implementaci\u00f3n de la Ventanilla \u00danica en UNADE marca un avance significativo en la modernizaci\u00f3n de los servicios administrativos y acad\u00e9micos de la universidad. Esta medida facilitar\u00e1 la gesti\u00f3n de tr\u00e1mites, optimizando procesos como inscripciones, solicitudes de certificados, y la obtenci\u00f3n de documentos oficiales, todo a trav\u00e9s de un sistema centralizado que reduce la duplicidad de esfuerzos y aumenta la transparencia. De esta manera, los estudiantes, docentes y personal administrativo podr\u00e1n beneficiarse de un servicio m\u00e1s \u00e1gil y eficiente.<\/p>\n<p style=\"text-align: justify;\">El Mayor General Francisco Ovalle Pichardo, rector de la UNADE, expres\u00f3 su orgullo y gratitud por la distinci\u00f3n que supone ser seleccionados para este importante plan piloto.<\/p>\n<blockquote>\n<p style=\"text-align: justify;\">\u201cNos sentimos profundamente honrados de formar parte de este proyecto innovador que sin duda contribuir\u00e1 a la mejora de los procesos en nuestra universidad y a nivel nacional. Estamos comprometidos a implementar esta nueva modalidad con altura y dedicaci\u00f3n, garantizando que su \u00e9xito sirva de modelo para otras instituciones\u201d, afirm\u00f3 Ovalle Pichardo.<\/p>\n<\/blockquote>\n<p>Con la adopci\u00f3n de la Ventanilla \u00danica, la UNADE refuerza su liderazgo en la innovaci\u00f3n educativa y administrativa, aline\u00e1ndose con las pol\u00edticas de modernizaci\u00f3n y eficiencia impulsadas por el Estado. Esta iniciativa no solo beneficiar\u00e1 a la comunidad acad\u00e9mica, sino que tambi\u00e9n posiciona a la UNADE como pionera en la implementaci\u00f3n de soluciones tecnol\u00f3gicas en el \u00e1mbito universitario y militar.<\/p><\/div>\n<div><\/div>\n<div class=\"post-body entry-content\" style=\"text-align: justify;\">El compromiso de la UNADE con la excelencia y la mejora continua queda patente en su disposici\u00f3n para adaptar y liderar este proceso, contribuyendo al desarrollo institucional del pa\u00eds y a la optimizaci\u00f3n de la gesti\u00f3n p\u00fablica.<\/div>\n<\/article>\n<div class=\"post-footer\">\n<div><\/div>\n<\/div>\n<\/div>\n<\/div>\n<\/div>\n<\/div>\n<\/div>\n<\/div>\n<\/div>\n<\/div>\n<\/div>\n<\/div>\n<\/div>\n<div id=\"st-3\" class=\" st-sticky-share-buttons st-left st-toggleable st-has-labels st-show-total  st-lang-es\">\n<div class=\"st-btn\" data-network=\"messenger\">Fuente: Dir. Com. UNADE<img decoding=\"async\" data-src=\"https:\/\/platform-cdn.sharethis.com\/img\/messenger.svg\" alt=\"messenger sharing button\" src=\"data:image\/svg+xml;base64,PHN2ZyB3aWR0aD0iMSIgaGVpZ2h0PSIxIiB4bWxucz0iaHR0cDovL3d3dy53My5vcmcvMjAwMC9zdmciPjwvc3ZnPg==\" class=\"lazyload\" \/><\/div>\n<\/div>\n","protected":false},"excerpt":{"rendered":"<p>La Universidad Nacional para la Defensa \u00abGeneral Juan Pablo Duarte y D\u00edez\u00bb (UNADE) ha sido<\/p>\n","protected":false},"author":2,"featured_media":29394,"comment_status":"open","ping_status":"open","sticky":false,"template":"","format":"standard","meta":{"footnotes":""},"categories":[7],"tags":[],"class_list":["post-29393","post","type-post","status-publish","format-standard","has-post-thumbnail","hentry","category-nacionales"],"_links":{"self":[{"href":"https:\/\/laverdadpublica.com\/index.php\/wp-json\/wp\/v2\/posts\/29393","targetHints":{"allow":["GET"]}}],"collection":[{"href":"https:\/\/laverdadpublica.com\/index.php\/wp-json\/wp\/v2\/posts"}],"about":[{"href":"https:\/\/laverdadpublica.com\/index.php\/wp-json\/wp\/v2\/types\/post"}],"author":[{"embeddable":true,"href":"https:\/\/laverdadpublica.com\/index.php\/wp-json\/wp\/v2\/users\/2"}],"replies":[{"embeddable":true,"href":"https:\/\/laverdadpublica.com\/index.php\/wp-json\/wp\/v2\/comments?post=29393"}],"version-history":[{"count":1,"href":"https:\/\/laverdadpublica.com\/index.php\/wp-json\/wp\/v2\/posts\/29393\/revisions"}],"predecessor-version":[{"id":29395,"href":"https:\/\/laverdadpublica.com\/index.php\/wp-json\/wp\/v2\/posts\/29393\/revisions\/29395"}],"wp:featuredmedia":[{"embeddable":true,"href":"https:\/\/laverdadpublica.com\/index.php\/wp-json\/wp\/v2\/media\/29394"}],"wp:attachment":[{"href":"https:\/\/laverdadpublica.com\/index.php\/wp-json\/wp\/v2\/media?parent=29393"}],"wp:term":[{"taxonomy":"category","embeddable":true,"href":"https:\/\/laverdadpublica.com\/index.php\/wp-json\/wp\/v2\/categories?post=29393"},{"taxonomy":"post_tag","embeddable":true,"href":"https:\/\/laverdadpublica.com\/index.php\/wp-json\/wp\/v2\/tags?post=29393"}],"curies":[{"name":"wp","href":"https:\/\/api.w.org\/{rel}","templated":true}]}}