{"id":29540,"date":"2024-10-16T22:25:48","date_gmt":"2024-10-16T22:25:48","guid":{"rendered":"https:\/\/laverdadpublica.com\/?p=29540"},"modified":"2024-10-16T22:25:48","modified_gmt":"2024-10-16T22:25:48","slug":"corriente-magisterial-considera-reforma-fiscal-afecta-la-comunidad-educativa","status":"publish","type":"post","link":"https:\/\/laverdadpublica.com\/index.php\/2024\/10\/16\/corriente-magisterial-considera-reforma-fiscal-afecta-la-comunidad-educativa\/","title":{"rendered":"Corriente Magisterial considera Reforma Fiscal afecta la comunidad educativa."},"content":{"rendered":"<blockquote><p>Maestros demandan excluir docentes del pago de Impuesto Sobre la Renta<\/p><\/blockquote>\n<p style=\"text-align: justify;\">La Corriente Magisterial Juan Pablo Duarte dijo que 2.2 millones de estudiantes y sus familias, adem\u00e1s 141 mil docentes p\u00fablicos y m\u00e1s de 50 mil docentes del sector privado son seriamente afectados por el proyecto de reforma fiscal del gobierno de Luis Abinader, \u00ablas medidas impositivas encarecen y lesiona los bienes y servicios b\u00e1sicos de consumo popular como los v\u00edveres, las carnes, la electricidad, los salarios, las viviendas, entre otros\u00bb, expres\u00f3 Miguel \u00c1ngel Fern\u00e1ndez vicepresidente de la CMJPD y miembro del Comit\u00e9 Ejecutivo Nacional de la Asociaci\u00f3n Dominicana de Profesores ADP.<\/p>\n<p style=\"text-align: justify;\">Seg\u00fan la Corriente Magisterial Juan Pablo Duarte las autoridades siguen sin enfrentar la evasi\u00f3n fiscal de los sectores corporativos que no conformes con exenciones fiscales por el orden de los 300 mil millones de pesos al a\u00f1o, evaden una cantidad similar todos los a\u00f1os, subrayan que \u2013igual-, se quedan con el 40% del ITBIS cobrado a la ciudadan\u00eda y que descuentan como \u201cagente de retenci\u00f3n\u201d, convirti\u00e9ndose en una especie de \u201cEstado Privado\u201d paralelo al Estado dominicano.<\/p>\n<p style=\"text-align: justify;\">Estos Maestros proponen liberar el salario docente del impuesto sobre la renta ya que consideran que los salarios del sector docente apenas alcanzan para cubrir necesidades b\u00e1sicas, que por concepto de ISR, a los docentes se les descuentan entre 8 y 12% del salario nominal, a pesar de que el salario no es ganancia, no es renta, sino sal y agua para reponer fuerzas gastadas y reproducir los trabajadores que siguen de relevo.<\/p>\n<p style=\"text-align: justify;\">La Corriente Magisterial Juan Pablo Duarte advierte que la reforma fiscal propuesta desde el Palacio Nacional empobrece la educaci\u00f3n p\u00fablica ya que empobrecer a las familias pobres son las que asisten a las aulas p\u00fablicas que ya de por s\u00ed est\u00e1n muy maltrechas por la falta de recursos y mejor gesti\u00f3n.<\/p>\n<p style=\"text-align: justify;\">Mantener exenci\u00f3n a bienes e insumos educativos de igual manera la Corriente Magisterial Juan Pablo Duarte, demando excluir del IVA, los productos e insumos educativos, entre ellos los que se requiere para la alimentaci\u00f3n escolar y para la elaboraci\u00f3n de libros, revistas y folletos y otros insumos necesarios para la educaci\u00f3n \u00abseria contraproducente, que una reforma fiscal afectan tan directamente el prop\u00f3sito de mejora de la educaci\u00f3n nacional\u00bb, se\u00f1al\u00f3 Miguel \u00c1ngel Fern\u00e1ndez.<\/p>\n<p>Fuente: Corriente Magisterial Juan Pablo Duarte<\/p>\n","protected":false},"excerpt":{"rendered":"<p>Maestros demandan excluir docentes del pago de Impuesto Sobre la Renta La Corriente Magisterial Juan<\/p>\n","protected":false},"author":1,"featured_media":29541,"comment_status":"open","ping_status":"open","sticky":false,"template":"","format":"standard","meta":{"footnotes":""},"categories":[7],"tags":[],"class_list":["post-29540","post","type-post","status-publish","format-standard","has-post-thumbnail","hentry","category-nacionales"],"_links":{"self":[{"href":"https:\/\/laverdadpublica.com\/index.php\/wp-json\/wp\/v2\/posts\/29540","targetHints":{"allow":["GET"]}}],"collection":[{"href":"https:\/\/laverdadpublica.com\/index.php\/wp-json\/wp\/v2\/posts"}],"about":[{"href":"https:\/\/laverdadpublica.com\/index.php\/wp-json\/wp\/v2\/types\/post"}],"author":[{"embeddable":true,"href":"https:\/\/laverdadpublica.com\/index.php\/wp-json\/wp\/v2\/users\/1"}],"replies":[{"embeddable":true,"href":"https:\/\/laverdadpublica.com\/index.php\/wp-json\/wp\/v2\/comments?post=29540"}],"version-history":[{"count":1,"href":"https:\/\/laverdadpublica.com\/index.php\/wp-json\/wp\/v2\/posts\/29540\/revisions"}],"predecessor-version":[{"id":29542,"href":"https:\/\/laverdadpublica.com\/index.php\/wp-json\/wp\/v2\/posts\/29540\/revisions\/29542"}],"wp:featuredmedia":[{"embeddable":true,"href":"https:\/\/laverdadpublica.com\/index.php\/wp-json\/wp\/v2\/media\/29541"}],"wp:attachment":[{"href":"https:\/\/laverdadpublica.com\/index.php\/wp-json\/wp\/v2\/media?parent=29540"}],"wp:term":[{"taxonomy":"category","embeddable":true,"href":"https:\/\/laverdadpublica.com\/index.php\/wp-json\/wp\/v2\/categories?post=29540"},{"taxonomy":"post_tag","embeddable":true,"href":"https:\/\/laverdadpublica.com\/index.php\/wp-json\/wp\/v2\/tags?post=29540"}],"curies":[{"name":"wp","href":"https:\/\/api.w.org\/{rel}","templated":true}]}}