{"id":30075,"date":"2024-10-21T23:54:29","date_gmt":"2024-10-21T23:54:29","guid":{"rendered":"https:\/\/laverdadpublica.com\/?p=30075"},"modified":"2024-10-21T23:54:29","modified_gmt":"2024-10-21T23:54:29","slug":"sisalril-y-ops-organizan-evento-internacional-de-evaluacion-de-tecnologias-sanitarias","status":"publish","type":"post","link":"https:\/\/laverdadpublica.com\/index.php\/2024\/10\/21\/sisalril-y-ops-organizan-evento-internacional-de-evaluacion-de-tecnologias-sanitarias\/","title":{"rendered":"SISALRIL y OPS organizan evento internacional  de Evaluaci\u00f3n de Tecnolog\u00edas Sanitarias\u00a0"},"content":{"rendered":"<blockquote>\n<p style=\"text-align: justify;\">Se reunir\u00e1n representantes de 25 pa\u00edses y m\u00e1s de 20 renombrados expositores.<\/p>\n<\/blockquote>\n<p style=\"text-align: justify;\">Santo Domingo, R.D. octubre 2024.\u2013 La Superintendencia de Salud y Riesgos Laborales (SISALRIL) y la Organizaci\u00f3n Panamericana de la Salud (OPS) celebrar\u00e1n del 6 al 8 de noviembre el XV Encuentro de la Red de Evaluaci\u00f3n de Tecnolog\u00edas Sanitarias de las Am\u00e9ricas (RedETSA) y el I Congreso de Evaluaci\u00f3n de Tecnolog\u00edas Sanitarias (EVTESA), que se realizar\u00e1 por primera vez en la Rep\u00fablica Dominicana.<\/p>\n<p style=\"text-align: justify;\">El hotel Crowne Plaza de Santo Domingo ser\u00e1 el escenario del importante evento, que reunir\u00e1 a representantes de 25 pa\u00edses de la regi\u00f3n de las Am\u00e9ricas y Europa, adem\u00e1s de 20 renombrados expositores nacionales y extranjeros, para compartir conocimientos e intercambiar experiencias en el \u00e1mbito de la evaluaci\u00f3n de las tecnolog\u00edas sanitarias.<\/p>\n<p style=\"text-align: justify;\">Este c\u00f3nclave tiene como objetivo fortalecer la colaboraci\u00f3n entre pa\u00edses y servir\u00e1 como plataforma para explorar soluciones innovadoras que aborden los desaf\u00edos actuales de la evaluaci\u00f3n de tecnolog\u00edas sanitarias, a trav\u00e9s de conferencias y talleres en los cuales los participantes tendr\u00e1n la oportunidad de contribuir a la promoci\u00f3n de un sistema de salud eficiente y de alta calidad.<\/p>\n<p style=\"text-align: justify;\">En el acto se analizar\u00e1 el uso de evidencia para la incorporaci\u00f3n de tecnolog\u00edas para el Primer Nivel de Atenci\u00f3n, el acceso a medicamentos de alto costo, uso de la evaluaci\u00f3n de tecnolog\u00edas sanitarias para la construcci\u00f3n de gu\u00edas y protocolos, la Metodolog\u00eda GRADE para evaluar la calidad de la evidencia y graduar las recomendaciones en el contexto de desarrollo de gu\u00eda de pr\u00e1ctica cl\u00ednica, entre otros importantes temas.<\/p>\n<p style=\"text-align: justify;\">La agenda del encuentro internacional incluye interesantes sesiones gratuitas con expertos nacionales e internacionales, quienes ofrecer\u00e1n cursos de manera pr\u00e1ctica y participativa sobre la equidad en los procesos de evaluaci\u00f3n e incorporaci\u00f3n de tecnolog\u00edas sanitarias.<\/p>\n<p style=\"text-align: justify;\">Para m\u00e1s informaci\u00f3n e inscripci\u00f3n puede acceder a www.sisalril.gob.do y a evtesa.sisalril.gob.do<\/p>\n<p>&nbsp;<\/p>\n<p><strong>Sobre EVTESA<\/strong><\/p>\n<p style=\"text-align: justify;\">La Evaluaci\u00f3n de Tecnolog\u00edas Sanitarias\u202f(EVTESA) de la SISALRIL\u202fes una herramienta que analiza los beneficios, costos y eficiencia de una amplia gama de medicamentos, dispositivos, programas y procedimientos cl\u00ednicos para mejorar la salud de los afiliados del Seguro Familiar de Salud, con resultados basados en evidencia cient\u00edfica que le garanticen el acceso, disponibilidad y reducci\u00f3n del gasto de bolsillo.<\/p>\n<p style=\"text-align: justify;\">La implementaci\u00f3n de este programa por la SISALRIL coloca a la Rep\u00fablica Dominicana a la vanguardia con las mejores pr\u00e1cticas internacionales y fortalece su compromiso con un sistema de salud equitativo, eficiente, sostenible y de alta calidad.<\/p>\n<p>Fuente; Prensa SISARIL<\/p>\n","protected":false},"excerpt":{"rendered":"<p>Se reunir\u00e1n representantes de 25 pa\u00edses y m\u00e1s de 20 renombrados expositores. Santo Domingo, R.D.<\/p>\n","protected":false},"author":4,"featured_media":30076,"comment_status":"open","ping_status":"open","sticky":false,"template":"","format":"standard","meta":{"footnotes":""},"categories":[7],"tags":[],"class_list":["post-30075","post","type-post","status-publish","format-standard","has-post-thumbnail","hentry","category-nacionales"],"_links":{"self":[{"href":"https:\/\/laverdadpublica.com\/index.php\/wp-json\/wp\/v2\/posts\/30075","targetHints":{"allow":["GET"]}}],"collection":[{"href":"https:\/\/laverdadpublica.com\/index.php\/wp-json\/wp\/v2\/posts"}],"about":[{"href":"https:\/\/laverdadpublica.com\/index.php\/wp-json\/wp\/v2\/types\/post"}],"author":[{"embeddable":true,"href":"https:\/\/laverdadpublica.com\/index.php\/wp-json\/wp\/v2\/users\/4"}],"replies":[{"embeddable":true,"href":"https:\/\/laverdadpublica.com\/index.php\/wp-json\/wp\/v2\/comments?post=30075"}],"version-history":[{"count":1,"href":"https:\/\/laverdadpublica.com\/index.php\/wp-json\/wp\/v2\/posts\/30075\/revisions"}],"predecessor-version":[{"id":30077,"href":"https:\/\/laverdadpublica.com\/index.php\/wp-json\/wp\/v2\/posts\/30075\/revisions\/30077"}],"wp:featuredmedia":[{"embeddable":true,"href":"https:\/\/laverdadpublica.com\/index.php\/wp-json\/wp\/v2\/media\/30076"}],"wp:attachment":[{"href":"https:\/\/laverdadpublica.com\/index.php\/wp-json\/wp\/v2\/media?parent=30075"}],"wp:term":[{"taxonomy":"category","embeddable":true,"href":"https:\/\/laverdadpublica.com\/index.php\/wp-json\/wp\/v2\/categories?post=30075"},{"taxonomy":"post_tag","embeddable":true,"href":"https:\/\/laverdadpublica.com\/index.php\/wp-json\/wp\/v2\/tags?post=30075"}],"curies":[{"name":"wp","href":"https:\/\/api.w.org\/{rel}","templated":true}]}}