{"id":30360,"date":"2024-10-24T14:32:46","date_gmt":"2024-10-24T14:32:46","guid":{"rendered":"https:\/\/laverdadpublica.com\/?p=30360"},"modified":"2024-10-25T14:42:22","modified_gmt":"2024-10-25T14:42:22","slug":"30360","status":"publish","type":"post","link":"https:\/\/laverdadpublica.com\/index.php\/2024\/10\/24\/30360\/","title":{"rendered":"Realizan con rotundo \u00e9xito GLOBAL MINDS &#8211; Punta Cana Foro-Expo Internacional con Autores y Escritores"},"content":{"rendered":"<blockquote>\n<p style=\"text-align: justify;\">El evento, cuyo slogan \u201cEntre palmeras y arena blanca: \u00a1escribe tu historia en Punta Cana, Rep\u00fablica Dominicana!\u201d, fue realizado del 24-26 de octubre, donde reuni\u00f3 a lideres globales de innovaci\u00f3n en la creaci\u00f3n literaria, el intercambio cultural y el futuro de la industria editorial.<\/p>\n<\/blockquote>\n<p style=\"text-align: justify;\">B\u00e1varo, Punta Cana. Rep\u00fablica Dominicana. \u2013 Punta Cana fue el escenario que se convirti\u00f3 en el mundo literario y cultural con la celebraci\u00f3n del evento \u00abGLOBAL MINDS &#8211; Punta Cana Foro-Expo Internacional de Autores y Escritores\u00bb, que tuvo lugar del 24 al 26 de octubre. Con el lema \u201cEntre palmeras y arena blanca: \u00a1escribe tu historia en Punta Cana, Rep\u00fablica Dominicana!\u201d.<\/p>\n<p style=\"text-align: justify;\">El evento inicio el mi\u00e9rcoles 24, un foro global de expertos con la participaci\u00f3n del director del peri\u00f3dico List\u00edn Diario, Miguel Franjul Bucarelly y la escritora Emilia Pereyra, quienes hablaron sobre la \u201cRevoluci\u00f3n literaria, m\u00e1s all\u00e1 de las letras\u201d. Ambos expositores coincidieron en que los libros y el papel permanecer\u00e1n, pese al auge de las nuevas tecnolog\u00edas digitales.<\/p>\n<p style=\"text-align: justify;\">Luego la gestora cultural Ver\u00f3nica Senci\u00f3n y Rosario V\u00e1squez participaron en el foro \u201cNetworking literario y clubes de lectura\u201d, quienes destacaron la extraordinaria labor que realizan los clubes de lectura, al tiempo que incentivaron a los autores a participar de este tipo de comunidades para promover sus obras y apoyar la cultura.<\/p>\n<p style=\"text-align: justify;\">El director de la ONDA, Jos\u00e9 Rub\u00e9n Gonell Cosme y Greivis Asencio, de la Biblioteca Nacional estuvieron a cargo del tema \u201cProtege tu obra. Derecho de Autor\/ ISBN: Identidad y Protecci\u00f3n\u201d.<\/p>\n<p style=\"text-align: justify;\">Euselandia Alc\u00e1ntara, Ceo de Global Minds y la periodista y escritora Yaniris Felipe, hablaron sobre \u201cEl futuro Literario: transformando ideas en obras\u201d; mientras que Mar\u00eda Isabel Tejada abord\u00f3 el tema \u201cPortadas que venden, contenido que cautiva\u201d. En tanto, Zahira Maxwell desarroll\u00f3 el tema del \u201cNeuromarketing literario: Amplia tu audiencia e impulsa tus ventas\u201d.<\/p>\n<p style=\"text-align: justify;\">El viernes 25, segundo d\u00eda del simposio hubo conferencias magistrales, lanzamiento internacional de autores emergentes. Ana Paulino inicio con el lanzamiento de su libro \u201cOremos Juntos\u201d en la playa. Luego en el sal\u00f3n La Isabela III, Roberto Cornelio, Raquel Salas y Valerio Mazzarella participaron en el foro \u201cDe las p\u00e1ginas al cine. El viaje del libro a la pantalla\u201d. Luego el comediante, productor y escritor Raymond Pozo y Roberto Green estuvieron a cargo de la conferencia de impacto: \u201cP\u00e1ginas que transforman vidas\u201d.<\/p>\n<p style=\"text-align: justify;\">En la tarde varios autores internacionales emergentes presentaron sus obras: Dra. Leslie Ann Hern\u00e1ndez, Ana Polanco, Dra. Mildred Sierra; Cales Louima, Jaqueline Castillo, Zahira Maxwell; Danielis Ferm\u00edn, Kenia B\u00e1ez, Betty Hern\u00e1ndez de Mauricio, Yaniris Felipe y Mayra Santos.<\/p>\n<p style=\"text-align: justify;\">Este magno evento revolucion\u00f3 la creaci\u00f3n literaria, el intercambio cultural, y el futuro de la industria editorial tanto a nivel nacional como internacional.<\/p>\n<p style=\"text-align: justify;\">La creadora de este innovador evento, Euselandia Alc\u00e1ntara, CEO de ERAS Global &#8211; Publishing House New York, reconocida autora y experta en marketing corporativo y pol\u00edtico, destac\u00f3 la importancia de crear espacios donde autores, escritores, y l\u00edderes de la industria puedan compartir ideas y aprender mutuamente en un mundo cada vez m\u00e1s interconectado.<\/p>\n<blockquote>\n<p style=\"text-align: justify;\">\u00a0\u201cEn un mundo cada vez m\u00e1s interconectado, el \u00e1mbito literario y cultural requiere de espacios donde autores, escritores y l\u00edderes de la industria puedan compartir ideas innovar y aprender mutuamente\u2019, expres\u00f3 la CEO de ERAS Global-Publishing House New York.<\/p>\n<\/blockquote>\n<p>Alc\u00e1ntara afirm\u00f3:<\/p>\n<blockquote>\n<p style=\"text-align: justify;\">\u00abGLOBAL MINDS &#8211; Punta Cana se establece como un espacio \u00fanico para celebrar la creatividad y la diversidad cultural, ofreciendo una plataforma excepcional para que los participantes impulsen su legado y ampl\u00eden sus horizontes\u00bb<\/p>\n<\/blockquote>\n<p style=\"text-align: justify;\">Asimismo, el evento contar\u00e1 con la presencia de destacados panelistas, cada uno l\u00edder en su campo, quienes compartir\u00e1n sus conocimientos y experiencias con los asistentes. Entre los confirmados se encuentran:<\/p>\n<p style=\"text-align: justify;\">GLOBAL MINDS &#8211; Punta Cana cont\u00f3 con el respaldo de prestigiosas empresas e instituciones que apoyan la excelencia de este evento.<\/p>\n<p style=\"text-align: justify;\">Este foro-expo fue m\u00e1s que un evento; fue una oportunidad \u00fanica donde autores, escritores y l\u00edderes de la industria se conectaron, aprendan e inspiraroen en un entorno paradis\u00edaco.<\/p>\n<p>&nbsp;<\/p>\n<p>Fuente: Yaniris Felipe<\/p>\n<p>&nbsp;<\/p>\n","protected":false},"excerpt":{"rendered":"<p>El evento, cuyo slogan \u201cEntre palmeras y arena blanca: \u00a1escribe tu historia en Punta Cana,<\/p>\n","protected":false},"author":4,"featured_media":30362,"comment_status":"open","ping_status":"open","sticky":false,"template":"","format":"standard","meta":{"footnotes":""},"categories":[7],"tags":[],"class_list":["post-30360","post","type-post","status-publish","format-standard","has-post-thumbnail","hentry","category-nacionales"],"_links":{"self":[{"href":"https:\/\/laverdadpublica.com\/index.php\/wp-json\/wp\/v2\/posts\/30360","targetHints":{"allow":["GET"]}}],"collection":[{"href":"https:\/\/laverdadpublica.com\/index.php\/wp-json\/wp\/v2\/posts"}],"about":[{"href":"https:\/\/laverdadpublica.com\/index.php\/wp-json\/wp\/v2\/types\/post"}],"author":[{"embeddable":true,"href":"https:\/\/laverdadpublica.com\/index.php\/wp-json\/wp\/v2\/users\/4"}],"replies":[{"embeddable":true,"href":"https:\/\/laverdadpublica.com\/index.php\/wp-json\/wp\/v2\/comments?post=30360"}],"version-history":[{"count":2,"href":"https:\/\/laverdadpublica.com\/index.php\/wp-json\/wp\/v2\/posts\/30360\/revisions"}],"predecessor-version":[{"id":30363,"href":"https:\/\/laverdadpublica.com\/index.php\/wp-json\/wp\/v2\/posts\/30360\/revisions\/30363"}],"wp:featuredmedia":[{"embeddable":true,"href":"https:\/\/laverdadpublica.com\/index.php\/wp-json\/wp\/v2\/media\/30362"}],"wp:attachment":[{"href":"https:\/\/laverdadpublica.com\/index.php\/wp-json\/wp\/v2\/media?parent=30360"}],"wp:term":[{"taxonomy":"category","embeddable":true,"href":"https:\/\/laverdadpublica.com\/index.php\/wp-json\/wp\/v2\/categories?post=30360"},{"taxonomy":"post_tag","embeddable":true,"href":"https:\/\/laverdadpublica.com\/index.php\/wp-json\/wp\/v2\/tags?post=30360"}],"curies":[{"name":"wp","href":"https:\/\/api.w.org\/{rel}","templated":true}]}}