{"id":30769,"date":"2024-10-28T12:56:33","date_gmt":"2024-10-28T12:56:33","guid":{"rendered":"https:\/\/laverdadpublica.com\/?p=30769"},"modified":"2024-10-30T12:58:01","modified_gmt":"2024-10-30T12:58:01","slug":"jose-ignacio-paliza-felicita-al-pld-por-su-proceso","status":"publish","type":"post","link":"https:\/\/laverdadpublica.com\/index.php\/2024\/10\/28\/jose-ignacio-paliza-felicita-al-pld-por-su-proceso\/","title":{"rendered":"Jos\u00e9 Ignacio Paliza felicita al PLD por su proceso"},"content":{"rendered":"<p style=\"text-align: justify;\">Santo Domingo.- El presidente del Partido Revolucionario Moderno (PRM) y ministro Administrativo de la Presidencia,\u00a0<strong>Jos\u00e9 Ignacio Paliza, felicit\u00f3 hoy al Partido de la Liberaci\u00f3n Dominicana (PLD) por llevar a cabo elecciones de sus autoridades partidarias.<\/strong><\/p>\n<blockquote><p><span class=\"css-1jxf684 r-bcqeeo r-1ttztb7 r-qvutc0 r-poiln3\">\u00abFelicito al\u00a0<\/span><span class=\"r-18u37iz\"><a class=\"css-1jxf684 r-bcqeeo r-1ttztb7 r-qvutc0 r-poiln3 r-1loqt21\" dir=\"ltr\" role=\"link\" href=\"https:\/\/x.com\/PLDenlinea\" target=\"_blank\" rel=\"nofollow noopener\">@PLDenlinea\u00a0<\/a><\/span>por la elecci\u00f3n de sus autoridades partidarias. Desde el\u00a0<span class=\"r-18u37iz\"><a class=\"css-1jxf684 r-bcqeeo r-1ttztb7 r-qvutc0 r-poiln3 r-1loqt21\" dir=\"ltr\" role=\"link\" href=\"https:\/\/x.com\/PRM_Oficial\" target=\"_blank\" rel=\"nofollow noopener\">@PRM_Oficial\u00a0<\/a><\/span>apostamos a un sistema de partidos fuerte, que consolide nuestra democracia. Juntos por una mejor RD\u00bb, escribi\u00f3 el Ministro desde su \u00abX\u00bb \u2014 Jose Paliza (@JosePaliza)\u00a0<a href=\"https:\/\/twitter.com\/JosePaliza\/status\/1850645887233716536?ref_src=twsrc%5Etfw\" target=\"_blank\" rel=\"nofollow noopener\">October 27, 2024<\/a><\/p><\/blockquote>\n<p style=\"text-align: justify;\">Asimismo, asegur\u00f3 que desde el Partido Revolucionario Moderno (PRM) apuesta a un sistema de partido fuerte para que se. consolide la democracia.<\/p>\n<p style=\"text-align: justify;\"><strong>Ganadores del comit\u00e9 pol\u00edtico del PLD<\/strong><\/p>\n<p style=\"text-align: justify;\">El expresidente de Rep\u00fablica Dominicana Danilo Medina y actual presidente del Partido de la Liberaci\u00f3n Dominicana (PLD), fue reelecto este domingo con el 67.33% de los votos durante la fase de elecci\u00f3n de autoridades de su comit\u00e9 central.<\/p>\n<p style=\"text-align: justify;\">Por su lado,\u00a0<strong>Johnny Pujols <\/strong>gan\u00f3 la secretaria general del Partido de la Liberaci\u00f3n Dominicana (PLD), tras la celebraci\u00f3n de la fase de elecci\u00f3n de autoridades en el X Congreso Ordinario Reinaldo Pared P\u00e9rez.<\/p>\n<p style=\"text-align: justify;\">Juan Ariel Jim\u00e9nez fue el m\u00e1s votado para el Comit\u00e9 Pol\u00edtico del Partido de la Liberaci\u00f3n Dominicana (PLD) tras \u00a0obtener la mayor votaci\u00f3n en la elecci\u00f3n del Comit\u00e9 Pol\u00edtico, con 1,074 votos ante Cristina Lizardo (1073 votos) y Francisco Javier Garc\u00eda (1018 votos).<\/p>\n<p style=\"text-align: justify;\">Adem\u00e1s,\u00a0 Jos\u00e9 Ram\u00f3n Fadul qued\u00f3 nominalmente fuera del Comit\u00e9 Pol\u00edtico de la organizaci\u00f3n tras celebrarse este domingo la escogencia del \u00f3rgano de direcci\u00f3n.<\/p>\n","protected":false},"excerpt":{"rendered":"<p>Santo Domingo.- El presidente del Partido Revolucionario Moderno (PRM) y ministro Administrativo de la Presidencia,\u00a0Jos\u00e9<\/p>\n","protected":false},"author":2,"featured_media":30771,"comment_status":"open","ping_status":"open","sticky":false,"template":"","format":"standard","meta":{"footnotes":""},"categories":[12],"tags":[],"class_list":["post-30769","post","type-post","status-publish","format-standard","has-post-thumbnail","hentry","category-politicas"],"_links":{"self":[{"href":"https:\/\/laverdadpublica.com\/index.php\/wp-json\/wp\/v2\/posts\/30769","targetHints":{"allow":["GET"]}}],"collection":[{"href":"https:\/\/laverdadpublica.com\/index.php\/wp-json\/wp\/v2\/posts"}],"about":[{"href":"https:\/\/laverdadpublica.com\/index.php\/wp-json\/wp\/v2\/types\/post"}],"author":[{"embeddable":true,"href":"https:\/\/laverdadpublica.com\/index.php\/wp-json\/wp\/v2\/users\/2"}],"replies":[{"embeddable":true,"href":"https:\/\/laverdadpublica.com\/index.php\/wp-json\/wp\/v2\/comments?post=30769"}],"version-history":[{"count":1,"href":"https:\/\/laverdadpublica.com\/index.php\/wp-json\/wp\/v2\/posts\/30769\/revisions"}],"predecessor-version":[{"id":30770,"href":"https:\/\/laverdadpublica.com\/index.php\/wp-json\/wp\/v2\/posts\/30769\/revisions\/30770"}],"wp:featuredmedia":[{"embeddable":true,"href":"https:\/\/laverdadpublica.com\/index.php\/wp-json\/wp\/v2\/media\/30771"}],"wp:attachment":[{"href":"https:\/\/laverdadpublica.com\/index.php\/wp-json\/wp\/v2\/media?parent=30769"}],"wp:term":[{"taxonomy":"category","embeddable":true,"href":"https:\/\/laverdadpublica.com\/index.php\/wp-json\/wp\/v2\/categories?post=30769"},{"taxonomy":"post_tag","embeddable":true,"href":"https:\/\/laverdadpublica.com\/index.php\/wp-json\/wp\/v2\/tags?post=30769"}],"curies":[{"name":"wp","href":"https:\/\/api.w.org\/{rel}","templated":true}]}}