{"id":30792,"date":"2024-10-30T13:50:52","date_gmt":"2024-10-30T13:50:52","guid":{"rendered":"https:\/\/laverdadpublica.com\/?p=30792"},"modified":"2024-10-30T13:51:33","modified_gmt":"2024-10-30T13:51:33","slug":"ejercito-detiene-34-haitianos-indocumentados-escondidos-en-bosque-de-las-matas-de-farfan","status":"publish","type":"post","link":"https:\/\/laverdadpublica.com\/index.php\/2024\/10\/30\/ejercito-detiene-34-haitianos-indocumentados-escondidos-en-bosque-de-las-matas-de-farfan\/","title":{"rendered":"Ej\u00e9rcito detiene 34 haitianos indocumentados escondidos en bosque de Las Matas de Farf\u00e1n"},"content":{"rendered":"<p>Por Felix Rubio<\/p>\n<blockquote>\n<p style=\"text-align: justify;\"><em>Tambi\u00e9n presenta ante el Ministerio P\u00fablico a dos camioneros que transportaban otro grupo de indocumentados<\/em><\/p>\n<\/blockquote>\n<p style=\"text-align: justify;\">Un grupo de <strong>34<\/strong> nacionales haitianos con estatus migratorio irregular fue detectado por miembros del <strong>Ej\u00e9rcito de Rep\u00fablica Dominicana ERD,<\/strong> ocultos en una zona boscosa en el sector Cajuil Blanco del municipio <strong>Las Matas de Farf\u00e1n,<\/strong> en San Juan de la Maguana.<\/p>\n<p style=\"text-align: justify;\">De acuerdo a las investigaciones realizadas por el <strong>ERD<\/strong>\u00a0, los extranjeros indocumentados, entre ellos 30 hombres y 4 mujeres, ser\u00edan transportados en motocicletas desde donde permanec\u00edan escondidos.<\/p>\n<p style=\"text-align: justify;\">La instituci\u00f3n inform\u00f3 tambi\u00e9n, que en el lugar fue dejada abandonada la motocicleta marca Tauro, color roja, en la cual se llevar\u00eda a cabo el traslado de los indocumentados.<\/p>\n<p style=\"text-align: justify;\"><strong>Camioneros presentados ante el Ministerio P\u00fablico por transportar ilegales<\/strong><\/p>\n<p style=\"text-align: justify;\">En otro caso, dos conductores de camiones fueron detenidos por personal del <strong>ERD<\/strong>\u00a0en el puesto de chequeo <strong>Cabo Rojo,<\/strong> Pedernales cuando al ser inspeccionados llevaban a bordo otro grupo de <strong>24<\/strong> nacionales haitianos sin documentaci\u00f3n.<\/p>\n<p style=\"text-align: justify;\">Los detenidos fueron identificados como Carlos <strong>Alberto Feliz Bernab\u00e9<\/strong>, quien conduc\u00eda el cami\u00f3n marca Daihatsu de color rojo placa: L245724 y el nacional haitiano <strong>Leonel Han<\/strong> a bordo de otro cami\u00f3n de la misma marca y color, placa L073210.<\/p>\n<p style=\"text-align: justify;\">Ambos conductores, que de acuerdo a informaciones trabajan en fincas de la zona, fueron enviados al <strong>Ministerio P\u00fablico <\/strong>de <strong>Pedernales<\/strong> para su sometimiento a la justicia.<\/p>\n<p>Fuente: Dir.\u00a0 RR. PP.\u00a0 Ej\u00e9rcito Rep. Dom.<\/p>\n","protected":false},"excerpt":{"rendered":"<p>Por Felix Rubio Tambi\u00e9n presenta ante el Ministerio P\u00fablico a dos camioneros que transportaban otro<\/p>\n","protected":false},"author":1,"featured_media":0,"comment_status":"open","ping_status":"open","sticky":false,"template":"","format":"standard","meta":{"footnotes":""},"categories":[7],"tags":[],"class_list":["post-30792","post","type-post","status-publish","format-standard","hentry","category-nacionales"],"_links":{"self":[{"href":"https:\/\/laverdadpublica.com\/index.php\/wp-json\/wp\/v2\/posts\/30792","targetHints":{"allow":["GET"]}}],"collection":[{"href":"https:\/\/laverdadpublica.com\/index.php\/wp-json\/wp\/v2\/posts"}],"about":[{"href":"https:\/\/laverdadpublica.com\/index.php\/wp-json\/wp\/v2\/types\/post"}],"author":[{"embeddable":true,"href":"https:\/\/laverdadpublica.com\/index.php\/wp-json\/wp\/v2\/users\/1"}],"replies":[{"embeddable":true,"href":"https:\/\/laverdadpublica.com\/index.php\/wp-json\/wp\/v2\/comments?post=30792"}],"version-history":[{"count":1,"href":"https:\/\/laverdadpublica.com\/index.php\/wp-json\/wp\/v2\/posts\/30792\/revisions"}],"predecessor-version":[{"id":30793,"href":"https:\/\/laverdadpublica.com\/index.php\/wp-json\/wp\/v2\/posts\/30792\/revisions\/30793"}],"wp:attachment":[{"href":"https:\/\/laverdadpublica.com\/index.php\/wp-json\/wp\/v2\/media?parent=30792"}],"wp:term":[{"taxonomy":"category","embeddable":true,"href":"https:\/\/laverdadpublica.com\/index.php\/wp-json\/wp\/v2\/categories?post=30792"},{"taxonomy":"post_tag","embeddable":true,"href":"https:\/\/laverdadpublica.com\/index.php\/wp-json\/wp\/v2\/tags?post=30792"}],"curies":[{"name":"wp","href":"https:\/\/api.w.org\/{rel}","templated":true}]}}