{"id":31008,"date":"2024-11-02T22:27:33","date_gmt":"2024-11-02T22:27:33","guid":{"rendered":"https:\/\/laverdadpublica.com\/?p=31008"},"modified":"2024-11-02T22:27:48","modified_gmt":"2024-11-02T22:27:48","slug":"por-primera-vez-el-merengue-reunira-a-sus-luminarias-de-varias-generaciones-en-un-evento-que-sera-sin-duda-un-hito-en-la-historia-de-la-musica","status":"publish","type":"post","link":"https:\/\/laverdadpublica.com\/index.php\/2024\/11\/02\/por-primera-vez-el-merengue-reunira-a-sus-luminarias-de-varias-generaciones-en-un-evento-que-sera-sin-duda-un-hito-en-la-historia-de-la-musica\/","title":{"rendered":"Por primera vez, el Merengue reunir\u00e1 a sus luminarias de varias generaciones en un evento que ser\u00e1, sin duda, un hito en la historia de la m\u00fasica."},"content":{"rendered":"<blockquote>\n<p style=\"text-align: justify;\">La Confluencia de Jarabacoa se convertir\u00e1 en la capital mundial del Merengue este domingo 3 de noviembre, desde las 12 del mediod\u00eda.<\/p>\n<\/blockquote>\n<p style=\"text-align: justify;\">Jarabacoa, Rep\u00fablica Dominicana. El Super Ultra Mega Merengazo 2024, festival donde se presentar\u00e1n Super Megas Estrellas del merengue, un evento que dejaran una huella imborrable en el coraz\u00f3n de todos los asistentes, as\u00ed como en la historia del espect\u00e1culo.<\/p>\n<p style=\"text-align: justify;\">A la estelar cartelera art\u00edstica integrada por: Cuco Valoy, Wilfrido Vargas, Fernando Villalona, Sergio Vargas, Eddy Herrera, Los Hermanos Rosario, Omega, Miriam Cruz, Alex Bueno, Fefita La Grande, Ala Jaza, Pe\u00f1a Suazo, Jandy Ventura, El Rubio del Acorde\u00f3n, Ram\u00f3n Orlando, Pochy Familia, Kinito M\u00e9ndez, Steffany Constanza, El Jeffrey, El Conjunto Quisqueya, Osvaldo y sus cl\u00e1sicos, se suma El Blachy, un merenguero t\u00edpico de estilo rom\u00e1ntico que ha conquistado las audiencias contempor\u00e1neas y est\u00e1 conectando con mucho \u00e9xito en este momento.<\/p>\n<p style=\"text-align: justify;\">Las autoridades de Jarabacoa est\u00e1n comprometidas en dar la bienvenida a los turistas, asegurando una experiencia de calidad y una estad\u00eda placentera para aquellos que deseen disfrutar de un concierto excepcional.<\/p>\n<p style=\"text-align: justify;\">El alcalde municipal, Lic. Joselito Abreu, sostuvo una reuni\u00f3n con los principales cuerpos castrenses y de seguridad del municipio, con el fin de coordinar los protocolos y medidas para garantizar la seguridad durante el evento del \u00abSuper Ultra Mega Merengazo\u00bb. En el encuentro participaron el empresario Luis Medrano organizador del concierto y representantes de la Polic\u00eda Nacional, Polic\u00eda Municipal, DIGESETT, Cuerpo de Bomberos Jarabacoa, Cruz Roja, Defensa Civil, Polic\u00eda de Turismo y el Ministerio de Medio Ambiente.<\/p>\n<p style=\"text-align: justify;\">En este encuentro se establecieron lineamientos para la organizaci\u00f3n y seguridad tanto de los residentes como de los visitantes que disfrutar\u00e1n de este festival<\/p>\n<p style=\"text-align: justify;\">Luis Medrano, reconocido empresario y productor del festival, expres\u00f3:<\/p>\n<blockquote>\n<p style=\"text-align: justify;\">\u00abHoy, aquellos que no tienen la visi\u00f3n para entender la importancia y grandeza de este evento hist\u00f3rico se perder\u00e1n una experiencia \u00fanica, jam\u00e1s vivida en el mundo de la m\u00fasica\u00bb.<\/p>\n<\/blockquote>\n<p style=\"text-align: justify;\">Esta declaraci\u00f3n subraya la magnitud del festival, que se posiciona como el m\u00e1s significativo de una expresi\u00f3n cultural a nivel global en el g\u00e9nero tropical.<\/p>\n<p style=\"text-align: justify;\">En un mismo escenario, talentos que a lo largo del tiempo han mantenido rivalidades y competiciones por el liderazgo y la popularidad del ritmo m\u00e1s alegre del mundo, se encontrar\u00e1n cara a cara en este festival musical sin precedentes.<\/p>\n<p style=\"text-align: justify;\">El presidente Luis Abinader ha mostrado un firme compromiso al apoyar la riqueza cultural de nuestro pa\u00eds, una acci\u00f3n valorada por artistas y profesionales del entretenimiento. Solo con esta colaboraci\u00f3n, junto al sector privado, se puede llevar a cabo un espect\u00e1culo de tal magnitud.<\/p>\n<p style=\"text-align: justify;\">Este evento se llevar\u00e1 a cabo el domingo 3 de noviembre 2024, en el hermoso entorno de Jarabacoa, en un lugar paradis\u00edaco donde el Merengue se desaf\u00eda a s\u00ed mismo, buscando demostrar su s\u00f3lida popularidad y su legado tras 100 a\u00f1os de historia.<\/p>\n<p style=\"text-align: justify;\">Este evento es una celebraci\u00f3n de la historia, la calidad, el orgullo, el folclore y, sobre todo, del sentimiento nacional que todos compartimos, donde la alegr\u00eda y el entusiasmo est\u00e1n asegurados.<\/p>\n<p style=\"text-align: justify;\">Este festival cuenta con el apoyo de importantes patrocinadores como Banreservas, Presidente, Brugal, Pepsi, el Ministerio de Turismo, Wind Telecom, el Senador Ram\u00f3n Rogelio Genao, el Alcalde Joselito Abreu, Consorcio de Bancas La Primera, Caf\u00e9 Monte Alto, FEDOMU, IDAC, el Ministerio de Cultura, AYB Electromuebles y, por supuesto, del presidente Luis Abinader, quien respalda la cultura popular en todo el pa\u00eds.<\/p>\n<p style=\"text-align: justify;\">En la Confluencia y varios puntos comerciales de Jarabacoa est\u00e1n a la venta las boletas. Informaci\u00f3n 809-849-5818.<\/p>\n<p>Fuente: Ram\u00f3n Ch\u00e1vez<\/p>\n","protected":false},"excerpt":{"rendered":"<p>La Confluencia de Jarabacoa se convertir\u00e1 en la capital mundial del Merengue este domingo 3<\/p>\n","protected":false},"author":1,"featured_media":31010,"comment_status":"open","ping_status":"open","sticky":false,"template":"","format":"standard","meta":{"footnotes":""},"categories":[6],"tags":[],"class_list":["post-31008","post","type-post","status-publish","format-standard","has-post-thumbnail","hentry","category-entretenimiento"],"_links":{"self":[{"href":"https:\/\/laverdadpublica.com\/index.php\/wp-json\/wp\/v2\/posts\/31008","targetHints":{"allow":["GET"]}}],"collection":[{"href":"https:\/\/laverdadpublica.com\/index.php\/wp-json\/wp\/v2\/posts"}],"about":[{"href":"https:\/\/laverdadpublica.com\/index.php\/wp-json\/wp\/v2\/types\/post"}],"author":[{"embeddable":true,"href":"https:\/\/laverdadpublica.com\/index.php\/wp-json\/wp\/v2\/users\/1"}],"replies":[{"embeddable":true,"href":"https:\/\/laverdadpublica.com\/index.php\/wp-json\/wp\/v2\/comments?post=31008"}],"version-history":[{"count":1,"href":"https:\/\/laverdadpublica.com\/index.php\/wp-json\/wp\/v2\/posts\/31008\/revisions"}],"predecessor-version":[{"id":31009,"href":"https:\/\/laverdadpublica.com\/index.php\/wp-json\/wp\/v2\/posts\/31008\/revisions\/31009"}],"wp:featuredmedia":[{"embeddable":true,"href":"https:\/\/laverdadpublica.com\/index.php\/wp-json\/wp\/v2\/media\/31010"}],"wp:attachment":[{"href":"https:\/\/laverdadpublica.com\/index.php\/wp-json\/wp\/v2\/media?parent=31008"}],"wp:term":[{"taxonomy":"category","embeddable":true,"href":"https:\/\/laverdadpublica.com\/index.php\/wp-json\/wp\/v2\/categories?post=31008"},{"taxonomy":"post_tag","embeddable":true,"href":"https:\/\/laverdadpublica.com\/index.php\/wp-json\/wp\/v2\/tags?post=31008"}],"curies":[{"name":"wp","href":"https:\/\/api.w.org\/{rel}","templated":true}]}}