{"id":31295,"date":"2024-11-05T01:32:11","date_gmt":"2024-11-05T01:32:11","guid":{"rendered":"https:\/\/laverdadpublica.com\/?p=31295"},"modified":"2024-11-06T01:33:33","modified_gmt":"2024-11-06T01:33:33","slug":"republica-dominicana-muy-pendiente-a-la-evolucion-de-la-tormenta-tropical-rafael","status":"publish","type":"post","link":"https:\/\/laverdadpublica.com\/index.php\/2024\/11\/05\/republica-dominicana-muy-pendiente-a-la-evolucion-de-la-tormenta-tropical-rafael\/","title":{"rendered":"Rep\u00fablica Dominicana, \u00abmuy pendiente\u00bb a la evoluci\u00f3n de la tormenta tropical Rafael"},"content":{"rendered":"<p style=\"text-align: justify;\">Santo Domingo.- El Gobierno de la Rep\u00fablica Dominicana se mantiene \u201cmuy pendiente\u201d a la evoluci\u00f3n de la tormenta tropical Rafael formada este lunes en el Atl\u00e1ntico, a partir de una depresi\u00f3n tropical, y que se prev\u00e9 se intensifique hasta llegar a ser un hurac\u00e1n en el transcurso de esta semana.<\/p>\n<p style=\"text-align: justify;\">As\u00ed lo afirm\u00f3 la directora del Instituto Dominicano de Meteorolog\u00eda (Indomet), Gloria Ceballos, en la rueda de prensa semanal del presidente del pa\u00eds, Luis Abinader, quien, por su lado, asegur\u00f3 que las autoridades se est\u00e1n tomando \u201cmuy en serio\u201d y \u201ccon mucha precauci\u00f3n\u201d este tipo de eventos.<\/p>\n<p style=\"text-align: justify;\">El Indomet, dijo Ceballos, mantiene \u201cuna vigilancia continua\u201d a la tormenta tropical, cuyo campo nuboso ya est\u00e1 provocando \u201clluvias significativas\u201d en el algunas zonas del territorio nacional, que desde hace d\u00edas est\u00e1 bajo la incidencia de una vaguada.<\/p>\n<p style=\"text-align: justify;\">La situaci\u00f3n llev\u00f3 al Centro de Operaciones de Emergencia (COE) a declarar diferentes niveles de alerta para 27 de las 32 provincias del pa\u00eds.<\/p>\n<p style=\"text-align: justify;\">Este mismo lunes, el COE inform\u00f3 de que casi 200.000 personas no tiene agua despu\u00e9s de que 25 acueductos resultaran afectados por las lluvias de los \u00faltimos d\u00edas.<\/p>\n<p style=\"text-align: justify;\">En la rueda de prensa, Abinader dijo que su Gobierno ha adoptado una serie de acciones para prevenir eventuales da\u00f1os a personas o a propiedades ante un mes que se prev\u00e9 \u201cmuy activo\u201d en cuanto a las lluvias, a\u00f1adi\u00f3 Ceballos.<\/p>\n<p style=\"text-align: justify;\">De acuerdo al bolet\u00edn de las 21:00 GMT del Centro Nacional de Huracanes (NHC, en ingl\u00e9s) de EE.UU., la tormenta tropical Rafael se encuentra a unos 280 kil\u00f3metros al sur de Kingston, capital de Jamaica, pa\u00eds en el Caribe que est\u00e1 misma noche podr\u00eda empezar a sentir condiciones de tormenta tropical, y a 635 kil\u00f3metros al sureste de Gran Caim\u00e1n.<\/p>\n<p style=\"text-align: justify;\">El sistema carga vientos sostenidos de 75 kil\u00f3metros por hora, pero se prev\u00e9 que incremente su potencia y que el martes se convierta en un hurac\u00e1n, un d\u00eda antes de que atraviese el oeste de CubaLa Rep\u00fablica Dominicana fue afectada en noviembre de 2022 y 2023 por torrenciales aguaceros, que provocaron decenas de muertos y cuantiosos da\u00f1os materiales.<\/p>\n<p>&nbsp;<\/p>\n<p style=\"text-align: justify;\">Fuente: EFE<\/p>\n<p>&nbsp;<\/p>\n","protected":false},"excerpt":{"rendered":"<p>Santo Domingo.- El Gobierno de la Rep\u00fablica Dominicana se mantiene \u201cmuy pendiente\u201d a la evoluci\u00f3n<\/p>\n","protected":false},"author":2,"featured_media":31296,"comment_status":"open","ping_status":"open","sticky":false,"template":"","format":"standard","meta":{"footnotes":""},"categories":[229],"tags":[],"class_list":["post-31295","post","type-post","status-publish","format-standard","has-post-thumbnail","hentry","category-clima"],"_links":{"self":[{"href":"https:\/\/laverdadpublica.com\/index.php\/wp-json\/wp\/v2\/posts\/31295","targetHints":{"allow":["GET"]}}],"collection":[{"href":"https:\/\/laverdadpublica.com\/index.php\/wp-json\/wp\/v2\/posts"}],"about":[{"href":"https:\/\/laverdadpublica.com\/index.php\/wp-json\/wp\/v2\/types\/post"}],"author":[{"embeddable":true,"href":"https:\/\/laverdadpublica.com\/index.php\/wp-json\/wp\/v2\/users\/2"}],"replies":[{"embeddable":true,"href":"https:\/\/laverdadpublica.com\/index.php\/wp-json\/wp\/v2\/comments?post=31295"}],"version-history":[{"count":1,"href":"https:\/\/laverdadpublica.com\/index.php\/wp-json\/wp\/v2\/posts\/31295\/revisions"}],"predecessor-version":[{"id":31297,"href":"https:\/\/laverdadpublica.com\/index.php\/wp-json\/wp\/v2\/posts\/31295\/revisions\/31297"}],"wp:featuredmedia":[{"embeddable":true,"href":"https:\/\/laverdadpublica.com\/index.php\/wp-json\/wp\/v2\/media\/31296"}],"wp:attachment":[{"href":"https:\/\/laverdadpublica.com\/index.php\/wp-json\/wp\/v2\/media?parent=31295"}],"wp:term":[{"taxonomy":"category","embeddable":true,"href":"https:\/\/laverdadpublica.com\/index.php\/wp-json\/wp\/v2\/categories?post=31295"},{"taxonomy":"post_tag","embeddable":true,"href":"https:\/\/laverdadpublica.com\/index.php\/wp-json\/wp\/v2\/tags?post=31295"}],"curies":[{"name":"wp","href":"https:\/\/api.w.org\/{rel}","templated":true}]}}