{"id":31322,"date":"2024-11-06T21:28:35","date_gmt":"2024-11-06T21:28:35","guid":{"rendered":"https:\/\/laverdadpublica.com\/?p=31322"},"modified":"2024-11-06T21:28:35","modified_gmt":"2024-11-06T21:28:35","slug":"fundaciones-aib-y-panoleta-realizan-taller-de-importancia-de-la-conexion-humana-en-el-marco-del-mes-rosa","status":"publish","type":"post","link":"https:\/\/laverdadpublica.com\/index.php\/2024\/11\/06\/fundaciones-aib-y-panoleta-realizan-taller-de-importancia-de-la-conexion-humana-en-el-marco-del-mes-rosa\/","title":{"rendered":"Fundaciones AIB y Pa\u00f1oleta realizan taller de Importancia de la Conexi\u00f3n Humana\u00bb en el marco del Mes Rosa"},"content":{"rendered":"<p style=\"text-align: justify;\">B\u00e1varo. El pasado 19 de octubre, la Fundaci\u00f3n Aeropuerto Internacional de B\u00e1varo y la Fundaci\u00f3n Pa\u00f1oleta realizaron el taller \u00abImportancia de la Conexi\u00f3n Humana\u00bb, en el marco del D\u00eda de la Lucha contra el C\u00e1ncer de Mama<\/p>\n<p style=\"text-align: justify;\">La jornada, realizada en la plaza Tres Center, en Friusa, B\u00e1varo, estuvo dirigida por la psic\u00f3loga, coach y terapeuta, Yubia Valette, quien a trav\u00e9s de una explicaci\u00f3n interactiva con el p\u00fablico asistente, habl\u00f3 de la conexi\u00f3n humana y su relaci\u00f3n con enfermedades como el c\u00e1ncer de mama.<\/p>\n<p style=\"text-align: justify;\">Rossy Liriano, presidenta de la Fundaci\u00f3n Pa\u00f1oleta, dijo que este tipo de actividades buscan sensibilizar sobre esta enfermedad, as\u00ed como concienciar acerca de las herramientas que cada mujer y hombre debe poner en pr\u00e1ctica para superar el c\u00e1ncer.<\/p>\n<p style=\"text-align: justify;\">De su lado, el director de Relaciones Comunitarias de la Fundaci\u00f3n AIB, V\u00edctor Dum\u00e9, manifest\u00f3 que estos conocimientos son de suma importancia para las comunidades de Ver\u00f3n y Friusa, aportando t\u00e9cnicas para la superaci\u00f3n del c\u00e1ncer de mama.<\/p>\n<p style=\"text-align: justify;\">La Fundaci\u00f3n AIB, como cada octubre, se une al Mes Rosa con distintas actividades en favor de quienes ejercen una lucha contra esta enfermedad.<\/p>\n<p>Fuente: Fundaci\u00f3n AIB<\/p>\n","protected":false},"excerpt":{"rendered":"<p>B\u00e1varo. El pasado 19 de octubre, la Fundaci\u00f3n Aeropuerto Internacional de B\u00e1varo y la Fundaci\u00f3n<\/p>\n","protected":false},"author":2,"featured_media":31323,"comment_status":"open","ping_status":"open","sticky":false,"template":"","format":"standard","meta":{"footnotes":""},"categories":[7],"tags":[],"class_list":["post-31322","post","type-post","status-publish","format-standard","has-post-thumbnail","hentry","category-nacionales"],"_links":{"self":[{"href":"https:\/\/laverdadpublica.com\/index.php\/wp-json\/wp\/v2\/posts\/31322","targetHints":{"allow":["GET"]}}],"collection":[{"href":"https:\/\/laverdadpublica.com\/index.php\/wp-json\/wp\/v2\/posts"}],"about":[{"href":"https:\/\/laverdadpublica.com\/index.php\/wp-json\/wp\/v2\/types\/post"}],"author":[{"embeddable":true,"href":"https:\/\/laverdadpublica.com\/index.php\/wp-json\/wp\/v2\/users\/2"}],"replies":[{"embeddable":true,"href":"https:\/\/laverdadpublica.com\/index.php\/wp-json\/wp\/v2\/comments?post=31322"}],"version-history":[{"count":1,"href":"https:\/\/laverdadpublica.com\/index.php\/wp-json\/wp\/v2\/posts\/31322\/revisions"}],"predecessor-version":[{"id":31324,"href":"https:\/\/laverdadpublica.com\/index.php\/wp-json\/wp\/v2\/posts\/31322\/revisions\/31324"}],"wp:featuredmedia":[{"embeddable":true,"href":"https:\/\/laverdadpublica.com\/index.php\/wp-json\/wp\/v2\/media\/31323"}],"wp:attachment":[{"href":"https:\/\/laverdadpublica.com\/index.php\/wp-json\/wp\/v2\/media?parent=31322"}],"wp:term":[{"taxonomy":"category","embeddable":true,"href":"https:\/\/laverdadpublica.com\/index.php\/wp-json\/wp\/v2\/categories?post=31322"},{"taxonomy":"post_tag","embeddable":true,"href":"https:\/\/laverdadpublica.com\/index.php\/wp-json\/wp\/v2\/tags?post=31322"}],"curies":[{"name":"wp","href":"https:\/\/api.w.org\/{rel}","templated":true}]}}