{"id":31487,"date":"2024-11-07T20:00:18","date_gmt":"2024-11-07T20:00:18","guid":{"rendered":"https:\/\/laverdadpublica.com\/?p=31487"},"modified":"2024-11-08T00:27:32","modified_gmt":"2024-11-08T00:27:32","slug":"conadis-evalua-avances-y-desafios-en-la-inclusion-de-personas-con-discapacidad","status":"publish","type":"post","link":"https:\/\/laverdadpublica.com\/index.php\/2024\/11\/07\/conadis-evalua-avances-y-desafios-en-la-inclusion-de-personas-con-discapacidad\/","title":{"rendered":"CONADIS eval\u00faa avances y desaf\u00edos en la inclusi\u00f3n de personas con discapacidad"},"content":{"rendered":"<p style=\"text-align: justify;\">Santo Domingo, Rep\u00fablica Dominicana, noviembre &#8211; Con el objetivo de analizar los logros alcanzados y los retos que persisten en la inclusi\u00f3n de las personas con discapacidad, el Consejo Nacional de Discapacidad, Conadis, realiz\u00f3 eventos sobre<em> \u201cAvances y desaf\u00edos en la inclusi\u00f3n plena de la poblaci\u00f3n con discapacidad de la Rep\u00fablica Dominicana\u201d<\/em>. Las actividades tuvieron lugar en el Hotel Catalonia, Sal\u00f3n Bruselas y cont\u00f3 con la participaci\u00f3n de representantes de los organismos rectores de la Rep\u00fablica Dominicana, as\u00ed como representantes de los diferentes sectores comprometidos con la aplicaci\u00f3n de la Ley Org\u00e1nica sobre Igualdad de Derechos de las Personas con Discapacidad N\u00ba 5-13.<\/p>\n<p style=\"text-align: justify;\">Los encuentros tuvieron como prop\u00f3sito reconocer los avances en la inclusi\u00f3n y el compromiso de los diversos sectores sociales en la defensa de los derechos de la poblaci\u00f3n con discapacidad. Adem\u00e1s, fue una oportunidad para evaluar las barreras que a\u00fan limitan el cumplimiento de los compromisos asumidos en cuanto a la garant\u00eda de estos derechos.<\/p>\n<p style=\"text-align: justify;\">La directora t\u00e9cnica, Lic. Ana Luisa Mart\u00edn, fue la encargada de abordar el tema \u201cLey Org\u00e1nica 5-13 Oportunidades y Desaf\u00edos\u201d, ofreciendo una visi\u00f3n integral sobre los beneficios y retos que conlleva la aplicaci\u00f3n de esta normativa. Por su parte, el ingeniero Ram\u00f3n Eduardo Mu\u00f1oz, del Departamento de Pol\u00edticas P\u00fablicas, present\u00f3 un detallado Informe de avances y desaf\u00edos para el cumplimiento de la Ley Org\u00e1nica 5-13, en el que destac\u00f3 los logros y las \u00e1reas donde a\u00fan se requiere mayor esfuerzo.<\/p>\n<p style=\"text-align: justify;\">Las Mesas de Trabajo sobre los Retos y Obst\u00e1culos en la Aplicaci\u00f3n Efectiva de la Ley Org\u00e1nica 5-13 estuvieron moderadas por la se\u00f1ora Yanina Rodr\u00edguez, los se\u00f1ores Edgar Santana y Ram\u00f3n Mu\u00f1oz, en representaci\u00f3n de la Divisi\u00f3n de Inclusi\u00f3n Laboral. Durante estas mesas de trabajo, fueron profundizados temas para la inclusi\u00f3n, como prevenci\u00f3n y salud, promoci\u00f3n social, accesibilidad universal, asistencia legal, inclusi\u00f3n educativa, cultural y deportiva, y oportunidades de trabajo y empleo. Estos puntos fueron analizados a trav\u00e9s del intercambio de ideas y experiencias para identificar obst\u00e1culos y soluciones en cada \u00e1rea.<\/p>\n<p style=\"text-align: justify;\">Las actividades permitieron fortalecer el di\u00e1logo entre los entes rectores de sectores clave y fomentar nuevas propuestas que faciliten la plena integraci\u00f3n de las personas con discapacidad en la sociedad dominicana, promoviendo los principios de equidad y justicia social.<\/p>\n<p style=\"text-align: justify;\">Durante esta jornada, se expusieron los principales desaf\u00edos pendientes y las estrategias necesarias para avanzar hacia una Rep\u00fablica Dominicana m\u00e1s inclusiva, en la que todos los ciudadanos puedan gozar de los mismos derechos y oportunidades.<\/p>\n<p>Fuente: Dir. Com. CONADIS<\/p>\n","protected":false},"excerpt":{"rendered":"<p>Santo Domingo, Rep\u00fablica Dominicana, noviembre &#8211; Con el objetivo de analizar los logros alcanzados y<\/p>\n","protected":false},"author":4,"featured_media":31488,"comment_status":"open","ping_status":"open","sticky":false,"template":"","format":"standard","meta":{"footnotes":""},"categories":[7],"tags":[],"class_list":["post-31487","post","type-post","status-publish","format-standard","has-post-thumbnail","hentry","category-nacionales"],"_links":{"self":[{"href":"https:\/\/laverdadpublica.com\/index.php\/wp-json\/wp\/v2\/posts\/31487","targetHints":{"allow":["GET"]}}],"collection":[{"href":"https:\/\/laverdadpublica.com\/index.php\/wp-json\/wp\/v2\/posts"}],"about":[{"href":"https:\/\/laverdadpublica.com\/index.php\/wp-json\/wp\/v2\/types\/post"}],"author":[{"embeddable":true,"href":"https:\/\/laverdadpublica.com\/index.php\/wp-json\/wp\/v2\/users\/4"}],"replies":[{"embeddable":true,"href":"https:\/\/laverdadpublica.com\/index.php\/wp-json\/wp\/v2\/comments?post=31487"}],"version-history":[{"count":1,"href":"https:\/\/laverdadpublica.com\/index.php\/wp-json\/wp\/v2\/posts\/31487\/revisions"}],"predecessor-version":[{"id":31489,"href":"https:\/\/laverdadpublica.com\/index.php\/wp-json\/wp\/v2\/posts\/31487\/revisions\/31489"}],"wp:featuredmedia":[{"embeddable":true,"href":"https:\/\/laverdadpublica.com\/index.php\/wp-json\/wp\/v2\/media\/31488"}],"wp:attachment":[{"href":"https:\/\/laverdadpublica.com\/index.php\/wp-json\/wp\/v2\/media?parent=31487"}],"wp:term":[{"taxonomy":"category","embeddable":true,"href":"https:\/\/laverdadpublica.com\/index.php\/wp-json\/wp\/v2\/categories?post=31487"},{"taxonomy":"post_tag","embeddable":true,"href":"https:\/\/laverdadpublica.com\/index.php\/wp-json\/wp\/v2\/tags?post=31487"}],"curies":[{"name":"wp","href":"https:\/\/api.w.org\/{rel}","templated":true}]}}