{"id":31708,"date":"2024-11-10T01:26:44","date_gmt":"2024-11-10T01:26:44","guid":{"rendered":"https:\/\/laverdadpublica.com\/?p=31708"},"modified":"2024-11-11T01:28:39","modified_gmt":"2024-11-11T01:28:39","slug":"fundacosi-realiza-jornada-medica","status":"publish","type":"post","link":"https:\/\/laverdadpublica.com\/index.php\/2024\/11\/10\/fundacosi-realiza-jornada-medica\/","title":{"rendered":"FUNDACOSI realiza jornada m\u00e9dica"},"content":{"rendered":"<p style=\"text-align: justify;\">Santo Domingo Norte \u2013 El Centro de Salud Unidad de Atenci\u00f3n Primaria (Fundacosi XXI) realiz\u00f3 con \u00e9xito la jornada m\u00e9dica \u201cUnidos Por Tu Salud\u201d en la Iglesia de Los Hermanos La Vid Verdadera 3ra, ubicada en el sector de Los Guaricanos. M\u00e1s de un centenar de mun\u00edcipes de la calle Comate y \u00e1reas cercanas fueron beneficiados con servicios m\u00e9dicos esenciales.<\/p>\n<p style=\"text-align: justify;\">Durante esta jornada, Fundacosi XXI ofreci\u00f3 atenciones de medicina familiar, pedi\u00e1trica y general, adem\u00e1s de toma de muestras para an\u00e1lisis y revisi\u00f3n de presi\u00f3n arterial.<\/p>\n<p style=\"text-align: justify;\">Estas iniciativas, en constante expansi\u00f3n hacia distintos sectores del municipio, reflejan el compromiso de Fundacosi XXI con la salud de la comunidad, resaltando su importante labor en la prevenci\u00f3n y cuidado de la salud.<\/p>\n<p style=\"text-align: justify;\">La actividad cont\u00f3 con el apoyo de dirigentes comunitarios, destac\u00e1ndose la colaboraci\u00f3n del presidente de la Junta de Vecinos del sector, Manuel F\u00e9liz, quien junto a otros l\u00edderes locales facilit\u00f3 el trabajo del equipo m\u00e9dico para atender con mayor eficiencia a los pacientes.<\/p>\n<p style=\"text-align: justify;\">Muchos de los beneficiarios, en su mayor\u00eda personas de la tercera edad, expresaron su agradecimiento por la dedicaci\u00f3n y calidad de los servicios recibidos, subrayando la necesidad de este tipo de jornadas para mejorar el acceso a servicios de salud en su comunidad.<\/p>\n<p style=\"text-align: justify;\">Fundacosi XXI, con m\u00e1s de diez a\u00f1os trabajando en favor de la salud y el bienestar de los residentes de Santo Domingo Norte y otras demarcaciones, reafirma su compromiso de seguir llevando este tipo de iniciativas a m\u00e1s personas y sectores, con la visi\u00f3n de mejorar la calidad de vida de quienes m\u00e1s lo necesitan.<\/p>\n<p>&nbsp;<\/p>\n<p>Fuente: FUNDACOSI XXI<\/p>\n","protected":false},"excerpt":{"rendered":"<p>Santo Domingo Norte \u2013 El Centro de Salud Unidad de Atenci\u00f3n Primaria (Fundacosi XXI) realiz\u00f3<\/p>\n","protected":false},"author":2,"featured_media":31710,"comment_status":"open","ping_status":"open","sticky":false,"template":"","format":"standard","meta":{"footnotes":""},"categories":[7],"tags":[],"class_list":["post-31708","post","type-post","status-publish","format-standard","has-post-thumbnail","hentry","category-nacionales"],"_links":{"self":[{"href":"https:\/\/laverdadpublica.com\/index.php\/wp-json\/wp\/v2\/posts\/31708","targetHints":{"allow":["GET"]}}],"collection":[{"href":"https:\/\/laverdadpublica.com\/index.php\/wp-json\/wp\/v2\/posts"}],"about":[{"href":"https:\/\/laverdadpublica.com\/index.php\/wp-json\/wp\/v2\/types\/post"}],"author":[{"embeddable":true,"href":"https:\/\/laverdadpublica.com\/index.php\/wp-json\/wp\/v2\/users\/2"}],"replies":[{"embeddable":true,"href":"https:\/\/laverdadpublica.com\/index.php\/wp-json\/wp\/v2\/comments?post=31708"}],"version-history":[{"count":1,"href":"https:\/\/laverdadpublica.com\/index.php\/wp-json\/wp\/v2\/posts\/31708\/revisions"}],"predecessor-version":[{"id":31709,"href":"https:\/\/laverdadpublica.com\/index.php\/wp-json\/wp\/v2\/posts\/31708\/revisions\/31709"}],"wp:featuredmedia":[{"embeddable":true,"href":"https:\/\/laverdadpublica.com\/index.php\/wp-json\/wp\/v2\/media\/31710"}],"wp:attachment":[{"href":"https:\/\/laverdadpublica.com\/index.php\/wp-json\/wp\/v2\/media?parent=31708"}],"wp:term":[{"taxonomy":"category","embeddable":true,"href":"https:\/\/laverdadpublica.com\/index.php\/wp-json\/wp\/v2\/categories?post=31708"},{"taxonomy":"post_tag","embeddable":true,"href":"https:\/\/laverdadpublica.com\/index.php\/wp-json\/wp\/v2\/tags?post=31708"}],"curies":[{"name":"wp","href":"https:\/\/api.w.org\/{rel}","templated":true}]}}