{"id":31900,"date":"2024-11-12T20:01:14","date_gmt":"2024-11-12T20:01:14","guid":{"rendered":"https:\/\/laverdadpublica.com\/?p=31900"},"modified":"2024-11-13T00:01:30","modified_gmt":"2024-11-13T00:01:30","slug":"el-empresario-del-mundo-de-la-belleza-edgar-vauthier-presenta-en-bogota-sus-innovadoras-gafas-antiojeras","status":"publish","type":"post","link":"https:\/\/laverdadpublica.com\/index.php\/2024\/11\/12\/el-empresario-del-mundo-de-la-belleza-edgar-vauthier-presenta-en-bogota-sus-innovadoras-gafas-antiojeras\/","title":{"rendered":"El empresario del mundo de la belleza Edgar Vauthier presenta en Bogot\u00e1 sus innovadoras gafas antiojeras\u00a0"},"content":{"rendered":"<p style=\"text-align: justify;\">Reafirmando su compromiso con la belleza, la l\u00ednea Mout Beauty present\u00f3 su l\u00ednea exclusiva de gafas anteojeras en la vibrante y cosmopolita ciudad de Bogot\u00e1, Colombia.<\/p>\n<p style=\"text-align: justify;\">El evento fue realizado en el lujoso rooftop @astoriarooftop) pasar nombre del restaurante, donde Edgar Vauthier, gerente de la marca destac\u00f3 que <em>\u00abla introducci\u00f3n de nuestra revolucionaria tecnolog\u00eda de gafas antiojeras representa un avance significativo en el cuidado est\u00e9tico a nivel mundial\u00bb.<\/em><\/p>\n<blockquote>\n<p style=\"text-align: justify;\">\u00abEsta presentaci\u00f3n no solo marc\u00f3 el inicio de nuestra presencia en Colombia, sino que tambi\u00e9n consolid\u00f3 a Mout Beauty como un referente en el cuidado de la piel\u00bb, indic\u00f3 Vauthier.<\/p>\n<\/blockquote>\n<p style=\"text-align: justify;\">La actividad reuni\u00f3 a amigos, influencers y personalidades de Colombia, quienes tuvieron la oportunidad de experimentar de primera mano los beneficios que ofrecen estas innovadoras gafas.<\/p>\n<p>Fuente: Com. Mout Beauty<\/p>\n","protected":false},"excerpt":{"rendered":"<p>Reafirmando su compromiso con la belleza, la l\u00ednea Mout Beauty present\u00f3 su l\u00ednea exclusiva de<\/p>\n","protected":false},"author":4,"featured_media":31901,"comment_status":"open","ping_status":"open","sticky":false,"template":"","format":"standard","meta":{"footnotes":""},"categories":[16],"tags":[],"class_list":["post-31900","post","type-post","status-publish","format-standard","has-post-thumbnail","hentry","category-internacionales"],"_links":{"self":[{"href":"https:\/\/laverdadpublica.com\/index.php\/wp-json\/wp\/v2\/posts\/31900","targetHints":{"allow":["GET"]}}],"collection":[{"href":"https:\/\/laverdadpublica.com\/index.php\/wp-json\/wp\/v2\/posts"}],"about":[{"href":"https:\/\/laverdadpublica.com\/index.php\/wp-json\/wp\/v2\/types\/post"}],"author":[{"embeddable":true,"href":"https:\/\/laverdadpublica.com\/index.php\/wp-json\/wp\/v2\/users\/4"}],"replies":[{"embeddable":true,"href":"https:\/\/laverdadpublica.com\/index.php\/wp-json\/wp\/v2\/comments?post=31900"}],"version-history":[{"count":1,"href":"https:\/\/laverdadpublica.com\/index.php\/wp-json\/wp\/v2\/posts\/31900\/revisions"}],"predecessor-version":[{"id":31902,"href":"https:\/\/laverdadpublica.com\/index.php\/wp-json\/wp\/v2\/posts\/31900\/revisions\/31902"}],"wp:featuredmedia":[{"embeddable":true,"href":"https:\/\/laverdadpublica.com\/index.php\/wp-json\/wp\/v2\/media\/31901"}],"wp:attachment":[{"href":"https:\/\/laverdadpublica.com\/index.php\/wp-json\/wp\/v2\/media?parent=31900"}],"wp:term":[{"taxonomy":"category","embeddable":true,"href":"https:\/\/laverdadpublica.com\/index.php\/wp-json\/wp\/v2\/categories?post=31900"},{"taxonomy":"post_tag","embeddable":true,"href":"https:\/\/laverdadpublica.com\/index.php\/wp-json\/wp\/v2\/tags?post=31900"}],"curies":[{"name":"wp","href":"https:\/\/api.w.org\/{rel}","templated":true}]}}