{"id":31909,"date":"2024-11-12T20:16:40","date_gmt":"2024-11-12T20:16:40","guid":{"rendered":"https:\/\/laverdadpublica.com\/?p=31909"},"modified":"2024-11-13T00:18:48","modified_gmt":"2024-11-13T00:18:48","slug":"downtown-center-da-la-bienvenida-a-una-navidad-de-pelicula-en-2024","status":"publish","type":"post","link":"https:\/\/laverdadpublica.com\/index.php\/2024\/11\/12\/downtown-center-da-la-bienvenida-a-una-navidad-de-pelicula-en-2024\/","title":{"rendered":"Downtown Center da la Bienvenida a una Navidad de Pel\u00edcula en 2024"},"content":{"rendered":"<p style=\"text-align: justify;\">SANTO DOMINGO. &#8211; Cada a\u00f1o, Downtown Center se transforma en un destino perfecto para la celebraci\u00f3n navide\u00f1a en familia, sumergiendo a sus visitantes en el c\u00e1lido esp\u00edritu de la \u00e9poca. En 2024, la plaza inaugur\u00f3 la Navidad este lunes 11 de noviembre, bajo el concepto <strong><em>\u201cUna Navidad de Pel\u00edcula\u201d.<\/em><\/strong> En colaboraci\u00f3n con Caribbean Cinemas, han convertido cada rinc\u00f3n en un tributo a ic\u00f3nicos filmes, brindando a todos los asistentes una experiencia m\u00e1gica donde el cine y la festividad se encuentran.<\/p>\n<p style=\"text-align: justify;\">La gran apertura se realiz\u00f3 en el atrio central, con la revelaci\u00f3n de los espacios decorados y un espect\u00e1culo que encendi\u00f3 la chispa navide\u00f1a en el coraz\u00f3n de los presentes. Zumaya Cordero, Directora General de Caribbean Cinemas, y Christina Gilleland, Directora de Downtown Center, pronunciaron las palabras de apertura con gran entusiasmo:<\/p>\n<blockquote>\n<p style=\"text-align: justify;\"><em> \u201c\u00a1Luces, C\u00e1mara y Acci\u00f3n! Hoy celebramos esta Navidad de pel\u00edcula que une a nuestras marcas en un tributo a la magia del cine en Rep\u00fablica Dominicana\u201d.<\/em><\/p>\n<\/blockquote>\n<p style=\"text-align: justify;\">Este a\u00f1o, la decoraci\u00f3n ha sido liderada nuevamente por el reconocido escen\u00f3grafo Fidel L\u00f3pez, quien lleva cinco a\u00f1os colaborando con Downtown Center y tiene m\u00e1s de 30 a\u00f1os de experiencia en decoraciones navide\u00f1as a gran escala. L\u00f3pez coment\u00f3 sobre el concepto elegido:<\/p>\n<blockquote>\n<p style=\"text-align: justify;\">\u201cDespu\u00e9s de a\u00f1os de conversaciones, finalmente creamos esta Navidad de Pel\u00edcula, donde cada detalle est\u00e1 inspirado en el cine. Desde los photobooths hasta la Casa de Santa, el cine cobra vida en cada esquina, brindando una experiencia visual \u00fanica y memorable para todos los visitantes\u201d.<\/p>\n<\/blockquote>\n<p style=\"text-align: justify;\">Durante el evento, se congregaron amigos de la prensa, invitados especiales, familias y visitantes de todas las edades, quienes disfrutaron del encendido de luces y un espect\u00e1culo de apertura dirigido por la talentosa Aidita Selman. Los m\u00e1s peque\u00f1os fueron protagonistas, compartiendo la alegr\u00eda de la Navidad en un ambiente de luces y entretenimiento. Marjorie Franco, Gerente de Mercadeo de Downtown Center, expres\u00f3:<\/p>\n<blockquote>\n<p style=\"text-align: justify;\">\u201cLa Navidad es una \u00e9poca maravillosa, un momento para reconectar con quienes amamos, celebrar nuestras tradiciones y vivir la alegr\u00eda en familia\u201d.<\/p>\n<\/blockquote>\n<p style=\"text-align: justify;\">Para esta temporada, Downtown Center ha preparado una serie de actividades para toda la familia, que incluyen conciertos, villancicos, actividades educativas y diversas sorpresas a lo largo de la temporada festiva, haciendo de esta \u201cNavidad de Pel\u00edcula\u201d una experiencia que permanecer\u00e1 en el recuerdo de todos los asistentes.<\/p>\n<p>Fuente: Downtown Center<\/p>\n","protected":false},"excerpt":{"rendered":"<p>SANTO DOMINGO. &#8211; Cada a\u00f1o, Downtown Center se transforma en un destino perfecto para la<\/p>\n","protected":false},"author":2,"featured_media":31910,"comment_status":"open","ping_status":"open","sticky":false,"template":"","format":"standard","meta":{"footnotes":""},"categories":[13],"tags":[],"class_list":["post-31909","post","type-post","status-publish","format-standard","has-post-thumbnail","hentry","category-sociales"],"_links":{"self":[{"href":"https:\/\/laverdadpublica.com\/index.php\/wp-json\/wp\/v2\/posts\/31909","targetHints":{"allow":["GET"]}}],"collection":[{"href":"https:\/\/laverdadpublica.com\/index.php\/wp-json\/wp\/v2\/posts"}],"about":[{"href":"https:\/\/laverdadpublica.com\/index.php\/wp-json\/wp\/v2\/types\/post"}],"author":[{"embeddable":true,"href":"https:\/\/laverdadpublica.com\/index.php\/wp-json\/wp\/v2\/users\/2"}],"replies":[{"embeddable":true,"href":"https:\/\/laverdadpublica.com\/index.php\/wp-json\/wp\/v2\/comments?post=31909"}],"version-history":[{"count":1,"href":"https:\/\/laverdadpublica.com\/index.php\/wp-json\/wp\/v2\/posts\/31909\/revisions"}],"predecessor-version":[{"id":31911,"href":"https:\/\/laverdadpublica.com\/index.php\/wp-json\/wp\/v2\/posts\/31909\/revisions\/31911"}],"wp:featuredmedia":[{"embeddable":true,"href":"https:\/\/laverdadpublica.com\/index.php\/wp-json\/wp\/v2\/media\/31910"}],"wp:attachment":[{"href":"https:\/\/laverdadpublica.com\/index.php\/wp-json\/wp\/v2\/media?parent=31909"}],"wp:term":[{"taxonomy":"category","embeddable":true,"href":"https:\/\/laverdadpublica.com\/index.php\/wp-json\/wp\/v2\/categories?post=31909"},{"taxonomy":"post_tag","embeddable":true,"href":"https:\/\/laverdadpublica.com\/index.php\/wp-json\/wp\/v2\/tags?post=31909"}],"curies":[{"name":"wp","href":"https:\/\/api.w.org\/{rel}","templated":true}]}}