{"id":32242,"date":"2024-11-15T20:25:58","date_gmt":"2024-11-15T20:25:58","guid":{"rendered":"https:\/\/laverdadpublica.com\/?p=32242"},"modified":"2024-11-16T00:31:16","modified_gmt":"2024-11-16T00:31:16","slug":"posponen-audiencia-contra-carlos-pena-por-difamacion-a-empresario","status":"publish","type":"post","link":"https:\/\/laverdadpublica.com\/index.php\/2024\/11\/15\/posponen-audiencia-contra-carlos-pena-por-difamacion-a-empresario\/","title":{"rendered":"Posponen audiencia contra Carlos Pe\u00f1a por difamaci\u00f3n a empresario"},"content":{"rendered":"<p style=\"text-align: justify;\">Santo Domingo.- La Fiscal\u00eda de Santo Domingo Oeste pospuso este viernes el conocimiento de la querella por difamaci\u00f3n e injuria p\u00fablica depositada por el empresario dominicano Lugel Gasilie Guelie en contra de Carlos Pe\u00f1a, presidente del partido Generaci\u00f3n de Servidores (GenS), para el pr\u00f3ximo 26 de noviembre a las 10:30 de la ma\u00f1ana.<\/p>\n<blockquote>\n<p style=\"text-align: justify;\">\u201cLa posposici\u00f3n esencialmente se debe a que el se\u00f1or Carlos Pe\u00f1a no compareci\u00f3 ante la Fiscal\u00eda ya que, la entrega de la citaci\u00f3n ha sido imposible que la recibiera porque este no tiene un domicilio conocido y los lugares a los cuales se les ha enviado, d\u00edgase su partido y la iglesia que representa, no ha habido quien reciba o en su defecto no han querido recibirla\u201d, manifest\u00f3 Bunel Ram\u00edrez Mer\u00e1n, abogado del empresario.<\/p>\n<\/blockquote>\n<p style=\"text-align: justify;\">Sin embargo, manifest\u00f3 que, <em>\u201cCarlos Pe\u00f1a a pesar de no tener la citaci\u00f3n en manos, sabe v\u00eda todos los medios de comunicaci\u00f3n que existe una demanda en su contra y que estaba citado para la ma\u00f1ana de hoy\u201d,<\/em> al tiempo de externar su confianza en que las direcciones que se tienen del mismo haya una persona que reciba la nueva citaci\u00f3n.<\/p>\n<blockquote>\n<p style=\"text-align: justify;\">\u201cDe no obtemperar al llamado de acudir ante la Fiscal\u00eda, estamos por igual solicitando a este \u00f3rgano persecutor que proceda a citarlo por las v\u00edas institucionales y legales con las que cuenta\u201d, manifest\u00f3 Ram\u00edrez Mer\u00e1n.<\/p>\n<\/blockquote>\n<p style=\"text-align: justify;\">Agreg\u00f3 que el alguacil Dionicio Zorrilla Nieves ha acudido en varias ocasiones a la casa nacional de GenS y la iglesia de Carlos Pe\u00f1a ubicada en el sector de Naco, pero han estado todo el tiempo cerrados, y que no ser\u00eda propio ni legal realizar dicha notificaci\u00f3n en horas de la noche que es la que se presume opera dicha casa evang\u00e9lica.<\/p>\n<p style=\"text-align: justify;\">Se recuerda que Carlos Pe\u00f1a es acusado de afirmar que el empresario dominicano forma parte \u201cde una mafia\u201d que presuntamente opera en el Banco de Desarrollo y Exportaciones (Bandex) utilizando \u201csubterfugios legales\u201d para la obtenci\u00f3n de los terrenos donde opera de forma ilegal una iglesia evang\u00e9lica en la zona de Hato Nuevo, Santo Domingo Oeste.<\/p>\n<p style=\"text-align: justify;\">La demanda contra el tambi\u00e9n pastor y comunicador es de unos RD$250 millones. Dentro de las violaciones hechas por Carlos Pe\u00f1a est\u00e1 tambi\u00e9n la de los art\u00edculos 21 y 22 de la Ley No. 53-07 contra Cr\u00edmenes y Delitos de Alta Tecnolog\u00eda.<\/p>\n<p><strong>Legitimidad del terreno<\/strong><\/p>\n<p style=\"text-align: justify;\">El terreno que Carlos Pe\u00f1a busca contin\u00fae invadido por miembros de una iglesia evang\u00e9lica es propiedad de la empresa Lugel S.R.L., el cual abarca una superficie de 4,211.08 metros cuadrados y est\u00e1 ubicada en Hato Nuevo Santo Domingo Oeste, seg\u00fan consta en Certificado de T\u00edtulo, matr\u00edcula 2400085879, designaci\u00f3n catastral 309403575613, expedido por el Registrador de T\u00edtulos de Santo Domingo; empresa cuyo gerente es el querellante, se\u00f1or Lugel Gasilie Guelie.<\/p>\n<p style=\"text-align: justify;\">La iglesia se encuentra ocupando alrededor de mil metros de este terrero, acci\u00f3n que se contrapone a las normativas vigentes en la Rep\u00fablica Dominicana.<\/p>\n<p>Fuente: Ariel Cabral<\/p>\n","protected":false},"excerpt":{"rendered":"<p>Santo Domingo.- La Fiscal\u00eda de Santo Domingo Oeste pospuso este viernes el conocimiento de la<\/p>\n","protected":false},"author":1,"featured_media":32243,"comment_status":"open","ping_status":"open","sticky":false,"template":"","format":"standard","meta":{"footnotes":""},"categories":[7],"tags":[],"class_list":["post-32242","post","type-post","status-publish","format-standard","has-post-thumbnail","hentry","category-nacionales"],"_links":{"self":[{"href":"https:\/\/laverdadpublica.com\/index.php\/wp-json\/wp\/v2\/posts\/32242","targetHints":{"allow":["GET"]}}],"collection":[{"href":"https:\/\/laverdadpublica.com\/index.php\/wp-json\/wp\/v2\/posts"}],"about":[{"href":"https:\/\/laverdadpublica.com\/index.php\/wp-json\/wp\/v2\/types\/post"}],"author":[{"embeddable":true,"href":"https:\/\/laverdadpublica.com\/index.php\/wp-json\/wp\/v2\/users\/1"}],"replies":[{"embeddable":true,"href":"https:\/\/laverdadpublica.com\/index.php\/wp-json\/wp\/v2\/comments?post=32242"}],"version-history":[{"count":1,"href":"https:\/\/laverdadpublica.com\/index.php\/wp-json\/wp\/v2\/posts\/32242\/revisions"}],"predecessor-version":[{"id":32244,"href":"https:\/\/laverdadpublica.com\/index.php\/wp-json\/wp\/v2\/posts\/32242\/revisions\/32244"}],"wp:featuredmedia":[{"embeddable":true,"href":"https:\/\/laverdadpublica.com\/index.php\/wp-json\/wp\/v2\/media\/32243"}],"wp:attachment":[{"href":"https:\/\/laverdadpublica.com\/index.php\/wp-json\/wp\/v2\/media?parent=32242"}],"wp:term":[{"taxonomy":"category","embeddable":true,"href":"https:\/\/laverdadpublica.com\/index.php\/wp-json\/wp\/v2\/categories?post=32242"},{"taxonomy":"post_tag","embeddable":true,"href":"https:\/\/laverdadpublica.com\/index.php\/wp-json\/wp\/v2\/tags?post=32242"}],"curies":[{"name":"wp","href":"https:\/\/api.w.org\/{rel}","templated":true}]}}