{"id":32450,"date":"2024-11-18T23:18:55","date_gmt":"2024-11-18T23:18:55","guid":{"rendered":"https:\/\/laverdadpublica.com\/?p=32450"},"modified":"2024-11-18T23:29:57","modified_gmt":"2024-11-18T23:29:57","slug":"32450","status":"publish","type":"post","link":"https:\/\/laverdadpublica.com\/index.php\/2024\/11\/18\/32450\/","title":{"rendered":"Ryan Milo Lanza su Nuevo Sencillo \u201cSi Me Dejas No Vale\u201d"},"content":{"rendered":"<p style=\"text-align: justify;\">Santo Domingo, Rep\u00fablica Dominicana \u2013 noviembre de 2024 \u2013 El talentoso cantante puertorrique\u00f1o Ryan Milo presenta su nuevo sencillo, \u201cSi Me Dejas No Vale\u201d, una vibrante reinterpretaci\u00f3n de un cl\u00e1sico que ha dejado huella en la m\u00fasica latina.<\/p>\n<p style=\"text-align: justify;\">Originalmente interpretada por Julio Iglesias como balada y llevada al merengue por el ic\u00f3nico grupo La L\u00ednea, esta canci\u00f3n se transforma en un nuevo \u00e9xito bajo la voz de Ryan Milo, con producci\u00f3n musical y arreglos de Francisco Barbosa, conocido como <em>\u201cPaco Paco\u201d.<\/em><\/p>\n<p style=\"text-align: justify;\">El concepto y la producci\u00f3n ejecutiva del tema estuvieron a cargo de Dave Laureano, manejador del cantante. Ryan Milo, quien ha demostrado su versatilidad en el g\u00e9nero tropical, enfatiza la importancia de \u201crespetar el arreglo original de La L\u00ednea, creado por el maestro Juan Valdez\u201d, mientras incorpora elementos modernos para actualizar el sonido.<\/p>\n<blockquote>\n<p style=\"text-align: justify;\">\u201cQuer\u00edamos honrar la esencia de la canci\u00f3n y, al mismo tiempo, ofrecer un toque fresco que conecte con las nuevas generaciones\u201d, comenta el artista.<\/p>\n<\/blockquote>\n<p style=\"text-align: justify;\">Desde su debut discogr\u00e1fico en 2021 con \u201cC\u00f3mo Olvidar: Back To The 90\u2019s\u201d, en el que rindi\u00f3 homenaje a grandes de la m\u00fasica tropical como Juan Luis Guerra, Milly Quezada, Elvis Crespo y Olga Ta\u00f1\u00f3n, Ryan ha estado en constante evoluci\u00f3n.<\/p>\n<p style=\"text-align: justify;\">Su primer \u00e1lbum, lanzado bajo la casa productora independiente Zonido Network, incluy\u00f3 su primera colaboraci\u00f3n con Milly Quezada en una renovada versi\u00f3n de \u201cEntre Tu Cuerpo y El M\u00edo\u201d. Ese mismo a\u00f1o, fue invitado por Elvis Crespo a regrabar el \u00e9xito \u201cLa Foto Se Me Borr\u00f3\u201d, lanzando versiones en bachata, merengue y EDM. En 2022, present\u00f3 el sencillo \u201cKarma\u201d junto a la merenguera Gisselle, consolidando su posici\u00f3n en la escena tropical.<\/p>\n<p style=\"text-align: justify;\">El a\u00f1o pasado, lanz\u00f3 su primer sencillo in\u00e9dito \u201cCu\u00e1nto Dar\u00eda\u201d, que capt\u00f3 la atenci\u00f3n de Fonovisa, llevando su m\u00fasica a nuevos horizontes con versiones norte\u00f1as y una colaboraci\u00f3n con el grupo Vilax.<\/p>\n<p style=\"text-align: justify;\">\u201cSi Me Dejas No Vale\u201d no solo celebra el legado musical, sino que tambi\u00e9n es un testimonio del crecimiento art\u00edstico de Ryan Milo. Con su energ\u00eda contagiosa y una producci\u00f3n impecable, este nuevo sencillo promete ser otro hito en su carrera. Este merengue destaca por ser uno de los m\u00e1s agresivos en t\u00e9rminos de arreglos musicales que ha lanzado hasta ahora.<\/p>\n<p style=\"text-align: justify;\">El sencillo ya est\u00e1 disponible en todas las plataformas digitales, bajo la distribuci\u00f3n de La Oreja Media Group.<\/p>\n<p style=\"text-align: justify;\">El video musical fue grabado en Rep\u00fablica Dominicana, bajo la direcci\u00f3n de Marcos Salcedo.<\/p>\n<p style=\"text-align: justify;\"><strong>\u25aa\ufe0e Link video oficial<\/strong><br \/>\n<a href=\"https:\/\/youtu.be\/ohi2bZ5ELUo?si=WqjmPvrjXs9atVzH\">https:\/\/youtu.be\/ohi2bZ5ELUo?si=WqjmPvrjXs9atVzH<\/a><\/p>\n<p><strong>\u25aa\ufe0e Redes<\/strong>: @ryanmilo<\/p>\n<p><strong>\u25aa\ufe0e Relaciones P\u00fablicas<\/strong> @mariumedios<\/p>\n<p>&nbsp;<\/p>\n<p>Fuente: Mariu Medios<\/p>\n","protected":false},"excerpt":{"rendered":"<p>Santo Domingo, Rep\u00fablica Dominicana \u2013 noviembre de 2024 \u2013 El talentoso cantante puertorrique\u00f1o Ryan Milo<\/p>\n","protected":false},"author":2,"featured_media":32454,"comment_status":"open","ping_status":"open","sticky":false,"template":"","format":"standard","meta":{"footnotes":""},"categories":[248],"tags":[],"class_list":["post-32450","post","type-post","status-publish","format-standard","has-post-thumbnail","hentry","category-cine"],"_links":{"self":[{"href":"https:\/\/laverdadpublica.com\/index.php\/wp-json\/wp\/v2\/posts\/32450","targetHints":{"allow":["GET"]}}],"collection":[{"href":"https:\/\/laverdadpublica.com\/index.php\/wp-json\/wp\/v2\/posts"}],"about":[{"href":"https:\/\/laverdadpublica.com\/index.php\/wp-json\/wp\/v2\/types\/post"}],"author":[{"embeddable":true,"href":"https:\/\/laverdadpublica.com\/index.php\/wp-json\/wp\/v2\/users\/2"}],"replies":[{"embeddable":true,"href":"https:\/\/laverdadpublica.com\/index.php\/wp-json\/wp\/v2\/comments?post=32450"}],"version-history":[{"count":3,"href":"https:\/\/laverdadpublica.com\/index.php\/wp-json\/wp\/v2\/posts\/32450\/revisions"}],"predecessor-version":[{"id":32453,"href":"https:\/\/laverdadpublica.com\/index.php\/wp-json\/wp\/v2\/posts\/32450\/revisions\/32453"}],"wp:featuredmedia":[{"embeddable":true,"href":"https:\/\/laverdadpublica.com\/index.php\/wp-json\/wp\/v2\/media\/32454"}],"wp:attachment":[{"href":"https:\/\/laverdadpublica.com\/index.php\/wp-json\/wp\/v2\/media?parent=32450"}],"wp:term":[{"taxonomy":"category","embeddable":true,"href":"https:\/\/laverdadpublica.com\/index.php\/wp-json\/wp\/v2\/categories?post=32450"},{"taxonomy":"post_tag","embeddable":true,"href":"https:\/\/laverdadpublica.com\/index.php\/wp-json\/wp\/v2\/tags?post=32450"}],"curies":[{"name":"wp","href":"https:\/\/api.w.org\/{rel}","templated":true}]}}