{"id":32680,"date":"2024-11-19T19:28:03","date_gmt":"2024-11-19T19:28:03","guid":{"rendered":"https:\/\/laverdadpublica.com\/?p=32680"},"modified":"2024-11-20T00:28:41","modified_gmt":"2024-11-20T00:28:41","slug":"worldwide-seguros-abre-sus-puertas-en-punta-cana","status":"publish","type":"post","link":"https:\/\/laverdadpublica.com\/index.php\/2024\/11\/19\/worldwide-seguros-abre-sus-puertas-en-punta-cana\/","title":{"rendered":"WorldWide Seguros abre sus puertas en Punta Cana"},"content":{"rendered":"<blockquote>\n<p style=\"text-align: justify;\">WorldWide Seguros inaugura su oficina en Punta Cana, acompa\u00f1ado de sus principales aliados estrat\u00e9gicos y clientes de la zona este. El crecimiento y expansi\u00f3n del grupo asegurador refuerzan su compromiso con la excelencia y la cercan\u00eda a sus clientes.<\/p>\n<\/blockquote>\n<p style=\"text-align: justify;\">Punta Cana, \u2013 WorldWide Seguros inaugura su oficina en Punta Cana. Esta nueva sede no es solo un paso importante para su continua expansi\u00f3n en la regi\u00f3n, sino que tambi\u00e9n reafirma su compromiso con la excelencia, la innovaci\u00f3n y la cercan\u00eda con sus asegurados.<\/p>\n<p style=\"text-align: justify;\">Zanoni Selig, Chairman de WorldWide Group se\u00f1al\u00f3 que era hora de que WorldWide contara con su oficina en Punta Cana, el lugar de mayor desarrollo en el pa\u00eds<\/p>\n<blockquote>\n<p style=\"text-align: justify;\">\u201cLa historia de Punta Cana es fascinante, un lugar que pas\u00f3 de ser una jungla en 1969 a ser hoy uno de los destinos tur\u00edsticos m\u00e1s importantes del mundo.\u201d<\/p>\n<\/blockquote>\n<p style=\"text-align: justify;\">Esta apertura fortalece la presencia de WorldWide Seguros en la Rep\u00fablica Dominicana, donde ya cuenta con oficinas en Santo Domingo y Santiago, consolid\u00e1ndose en los principales puntos del pa\u00eds. Situada en la zona m\u00e1s estrat\u00e9gica de Punta Cana, en el Bellanova Building, dise\u00f1ada para ofrecer atenci\u00f3n personalizada y soluciones a la medida para los clientes de la regi\u00f3n este.<\/p>\n<p style=\"text-align: justify;\">Como parte de WorldWide Group, que tiene presencia en otros pa\u00edses como Panam\u00e1, Guatemala, Paraguay y Bolivia, la apertura en Punta Cana reafirma el enfoque del grupo asegurador en consolidar su posici\u00f3n como l\u00edder en Seguros Internacionales y en Vida Individual en Am\u00e9rica Latina.<\/p>\n<p style=\"text-align: justify;\">La inauguraci\u00f3n cont\u00f3 con la presencia de Zanoni Selig, Chairman de WorldWide Group, as\u00ed como Juan Enrique Alvarez, secretario del directorio de WorldWide Group y Laura Acra, presidenta del Consejo de WorldWide Seguros. De igual forma participaron los principales Corredores de la Zona Este, clientes de la compa\u00f1\u00eda y destacadas figuras del sector asegurador.<\/p>\n<p style=\"text-align: justify;\"><strong>Acerca de WorldWide Seguros<\/strong><\/p>\n<p style=\"text-align: justify;\">WorldWide Seguros, fundada en el a\u00f1o 2004, tiene como misi\u00f3n garantizar el acceso a la mejor atenci\u00f3n m\u00e9dica mundial para sus clientes de seguros de salud internacional y ser una respuesta s\u00f3lida para sus asegurados en vida. Actualmente, se destaca por brindar la mayor cobertura y seguridad, lo que la ha convertido en l\u00edderes en Seguros de Salud Internacional y Vida Individual en el pa\u00eds.<\/p>\n<p style=\"text-align: justify;\">Con sus planes flexibles y adaptables a las necesidades de sus asegurados, WorldWide Seguros se caracteriza por su dinamismo y compromiso con la excelencia en el servicio, la diversificaci\u00f3n de los productos y la innovaci\u00f3n tecnol\u00f3gica.<\/p>\n<p style=\"text-align: justify;\">La compa\u00f1\u00eda forma parte de WorldWide Group, uno de los holdings m\u00e1s robustos y especializados en seguros de salud internacional y seguros de vida en Am\u00e9rica Latina. Con 25 a\u00f1os de experiencia, la empresa cuenta con presencia en Panam\u00e1, Bolivia, Guatemala y Paraguay, mientras avanza hacia una expansi\u00f3n regional s\u00f3lida. Adem\u00e1s, cuentan con la participaci\u00f3n accionarial de la DEG, filial de KfW Group, banco alem\u00e1n considerado el m\u00e1s seguro del mundo.<\/p>\n<p>Fuente: Miguelina Sosa<\/p>\n","protected":false},"excerpt":{"rendered":"<p>WorldWide Seguros inaugura su oficina en Punta Cana, acompa\u00f1ado de sus principales aliados estrat\u00e9gicos y<\/p>\n","protected":false},"author":1,"featured_media":32682,"comment_status":"open","ping_status":"open","sticky":false,"template":"","format":"standard","meta":{"footnotes":""},"categories":[7],"tags":[],"class_list":["post-32680","post","type-post","status-publish","format-standard","has-post-thumbnail","hentry","category-nacionales"],"_links":{"self":[{"href":"https:\/\/laverdadpublica.com\/index.php\/wp-json\/wp\/v2\/posts\/32680","targetHints":{"allow":["GET"]}}],"collection":[{"href":"https:\/\/laverdadpublica.com\/index.php\/wp-json\/wp\/v2\/posts"}],"about":[{"href":"https:\/\/laverdadpublica.com\/index.php\/wp-json\/wp\/v2\/types\/post"}],"author":[{"embeddable":true,"href":"https:\/\/laverdadpublica.com\/index.php\/wp-json\/wp\/v2\/users\/1"}],"replies":[{"embeddable":true,"href":"https:\/\/laverdadpublica.com\/index.php\/wp-json\/wp\/v2\/comments?post=32680"}],"version-history":[{"count":1,"href":"https:\/\/laverdadpublica.com\/index.php\/wp-json\/wp\/v2\/posts\/32680\/revisions"}],"predecessor-version":[{"id":32681,"href":"https:\/\/laverdadpublica.com\/index.php\/wp-json\/wp\/v2\/posts\/32680\/revisions\/32681"}],"wp:featuredmedia":[{"embeddable":true,"href":"https:\/\/laverdadpublica.com\/index.php\/wp-json\/wp\/v2\/media\/32682"}],"wp:attachment":[{"href":"https:\/\/laverdadpublica.com\/index.php\/wp-json\/wp\/v2\/media?parent=32680"}],"wp:term":[{"taxonomy":"category","embeddable":true,"href":"https:\/\/laverdadpublica.com\/index.php\/wp-json\/wp\/v2\/categories?post=32680"},{"taxonomy":"post_tag","embeddable":true,"href":"https:\/\/laverdadpublica.com\/index.php\/wp-json\/wp\/v2\/tags?post=32680"}],"curies":[{"name":"wp","href":"https:\/\/api.w.org\/{rel}","templated":true}]}}