{"id":32720,"date":"2024-11-19T12:49:13","date_gmt":"2024-11-19T12:49:13","guid":{"rendered":"https:\/\/laverdadpublica.com\/?p=32720"},"modified":"2024-11-20T12:49:28","modified_gmt":"2024-11-20T12:49:28","slug":"acuerdo-de-transporte-aereo-entre-rd-y-estados-unidos-no-viola-constitucion","status":"publish","type":"post","link":"https:\/\/laverdadpublica.com\/index.php\/2024\/11\/19\/acuerdo-de-transporte-aereo-entre-rd-y-estados-unidos-no-viola-constitucion\/","title":{"rendered":"Acuerdo de transporte a\u00e9reo entre RD y Estados Unidos no viola Constituci\u00f3n"},"content":{"rendered":"<header class=\"entry-header\"><\/header>\n<div class=\"entry-meta entry-meta-main\" style=\"text-align: justify;\"><\/div>\n<div class=\"entry-content\">\n<div id=\"st-1\" class=\"sharethis-inline-share-buttons st-center st-lang-es st-has-labels st-inline-share-buttons st-animated\" style=\"text-align: justify;\">\n<div class=\"st-btn st-last st-remove-label\" data-network=\"whatsapp\"><strong>Santo Domingo.- <\/strong>El Tribunal Constitucional de la Rep\u00fablica Dominicana, mediante la sentencia dictada en el expediente TC-02-2024-0005, declar\u00f3 conforme con la Constituci\u00f3n el \u00abAcuerdo de Transporte A\u00e9reo entre el Gobierno de la Rep\u00fablica Dominicana y el Gobierno de los Estados Unidos de Am\u00e9rica\u00bb, suscrito el 2 de agosto de 2024.<\/div>\n<\/div>\n<p style=\"text-align: justify;\">Este acuerdo tiene como objetivo facilitar la expansi\u00f3n de las oportunidades en el transporte a\u00e9reo internacional entre ambos pa\u00edses, promoviendo la competencia en el mercado y limitando la intervenci\u00f3n gubernamental.<\/p>\n<p style=\"text-align: justify;\">El acuerdo otorga a las aerol\u00edneas de ambos pa\u00edses el derecho a operar vuelos internacionales entre puntos espec\u00edficos de las rutas definidas, con condiciones que favorecen la expansi\u00f3n del servicio de transporte a\u00e9reo.<\/p>\n<p style=\"text-align: justify;\">El control preventivo de constitucionalidad se llev\u00f3 a cabo en cumplimiento de los art\u00edculos 128, numeral 1, letra d), y 185, numeral 2, de la Constituci\u00f3n de la Rep\u00fablica.<\/p>\n<p style=\"text-align: justify;\">El presidente de la Rep\u00fablica someti\u00f3 el acuerdo a este proceso el 19 de agosto de 2024, como parte de su compromiso con el cumplimiento de las normas constitucionales.<\/p>\n<p style=\"text-align: justify;\">El Tribunal Constitucional, tras evaluar el acuerdo, determin\u00f3 que no contraviene los principios establecidos en la Carta Magna del pa\u00eds, permitiendo as\u00ed su implementaci\u00f3n.<\/p>\n<\/div>\n<p>&nbsp;<\/p>\n<p>Fuente: RC Noticias<\/p>\n","protected":false},"excerpt":{"rendered":"<p>Santo Domingo.- El Tribunal Constitucional de la Rep\u00fablica Dominicana, mediante la sentencia dictada en el<\/p>\n","protected":false},"author":4,"featured_media":32722,"comment_status":"open","ping_status":"open","sticky":false,"template":"","format":"standard","meta":{"footnotes":""},"categories":[7],"tags":[],"class_list":["post-32720","post","type-post","status-publish","format-standard","has-post-thumbnail","hentry","category-nacionales"],"_links":{"self":[{"href":"https:\/\/laverdadpublica.com\/index.php\/wp-json\/wp\/v2\/posts\/32720","targetHints":{"allow":["GET"]}}],"collection":[{"href":"https:\/\/laverdadpublica.com\/index.php\/wp-json\/wp\/v2\/posts"}],"about":[{"href":"https:\/\/laverdadpublica.com\/index.php\/wp-json\/wp\/v2\/types\/post"}],"author":[{"embeddable":true,"href":"https:\/\/laverdadpublica.com\/index.php\/wp-json\/wp\/v2\/users\/4"}],"replies":[{"embeddable":true,"href":"https:\/\/laverdadpublica.com\/index.php\/wp-json\/wp\/v2\/comments?post=32720"}],"version-history":[{"count":1,"href":"https:\/\/laverdadpublica.com\/index.php\/wp-json\/wp\/v2\/posts\/32720\/revisions"}],"predecessor-version":[{"id":32721,"href":"https:\/\/laverdadpublica.com\/index.php\/wp-json\/wp\/v2\/posts\/32720\/revisions\/32721"}],"wp:featuredmedia":[{"embeddable":true,"href":"https:\/\/laverdadpublica.com\/index.php\/wp-json\/wp\/v2\/media\/32722"}],"wp:attachment":[{"href":"https:\/\/laverdadpublica.com\/index.php\/wp-json\/wp\/v2\/media?parent=32720"}],"wp:term":[{"taxonomy":"category","embeddable":true,"href":"https:\/\/laverdadpublica.com\/index.php\/wp-json\/wp\/v2\/categories?post=32720"},{"taxonomy":"post_tag","embeddable":true,"href":"https:\/\/laverdadpublica.com\/index.php\/wp-json\/wp\/v2\/tags?post=32720"}],"curies":[{"name":"wp","href":"https:\/\/api.w.org\/{rel}","templated":true}]}}