{"id":32925,"date":"2024-11-21T15:32:26","date_gmt":"2024-11-21T15:32:26","guid":{"rendered":"https:\/\/laverdadpublica.com\/?p=32925"},"modified":"2024-11-21T15:38:37","modified_gmt":"2024-11-21T15:38:37","slug":"32925","status":"publish","type":"post","link":"https:\/\/laverdadpublica.com\/index.php\/2024\/11\/21\/32925\/","title":{"rendered":"Programa \u00abMi mejor Temporada TV Show\u00bb realizar\u00e1 espectacular concierto con motivo de su d\u00e9cimo aniversario"},"content":{"rendered":"<p style=\"text-align: justify;\">Santo Domingo, R. D. El programa de corte cristiano \u00abMi mejor Temporada TV Show\u00bb, anunci\u00f3 la celebraci\u00f3n de su d\u00e9cimo aniversario, con la realizaci\u00f3n de un espectacular concierto el jueves 28 del presente mes, actividad en la cual participar\u00e1n reconocidos artistas cristianos.<\/p>\n<blockquote>\n<p style=\"text-align: justify;\">\u00abLlegar a este d\u00e9cimo aniversario es una muestra clara de la fidelidad de Dios hacia nosotros. Ha sido un largo camino pero en cada parada hemos aprendido lo importante de caminar bajo la voluntad de Dios, sin importar los tiempos. Por igual, han sido momentos de mucho aprendizaje y de dudas. De ver personas que no creen en tu trabajo porque no tienes una posici\u00f3n econ\u00f3mica, pero Dios siempre ha estado con nosotros \u00ab, extern\u00f3 Jhoel Guzm\u00e1n, uno de los productores y talento del programa.<\/p>\n<\/blockquote>\n<p style=\"text-align: justify;\">De igual manera, Guzm\u00e1n externo que durante todo el tiempo que han estado al aire, han aprendido que por mas capacidad intelectual que se tenga, adem\u00e1s de fama y dinero, se necesita de la mano del Dios Todo Poderoso para caminar cada d\u00eda.<\/p>\n<blockquote>\n<p style=\"text-align: justify;\">\u00abEsa misma mano es la que nos sostiene en momentos de desanimo, de desilusi\u00f3n y traici\u00f3n. En fin, hemos aprendido que Dios es nuestro todo\u00bb, afirm\u00f3.<\/p>\n<\/blockquote>\n<p style=\"text-align: justify;\">El productor tambi\u00e9n aprovech\u00f3 para externa su preocupaci\u00f3n con respecto al poco apoyo que reciben, de las marcas, los programas de corte cristiano.<\/p>\n<blockquote>\n<p style=\"text-align: justify;\">\u00abEs una l\u00e1stima que este tipo de contenido cristiano y para toda la familia, no sea tomado en cuenta a nivel comercial y mucho menos por los empresarios cristianos que a la hora de colocar publicidad de sus empresas, prefieren, en su mayor\u00eda, anunciarse en medios no cristianos. Incluso, muchas figuras cristianas y famosos prefieren ser entrevistados por medios seculares y controversiales en b\u00fasqueda de likes y views\u00bb, lament\u00f3.<\/p>\n<\/blockquote>\n<p style=\"text-align: justify;\">Con respecto al concierto musical con el cual estar\u00e1n festejando su aniversario, Guzm\u00e1n<img decoding=\"async\" class=\"size-medium wp-image-32927 alignright lazyload\" data-src=\"https:\/\/laverdadpublica.com\/wp-content\/uploads\/2024\/11\/IMG-20241121-WA0060-240x300.jpg\" alt=\"\" width=\"240\" height=\"300\" data-srcset=\"https:\/\/laverdadpublica.com\/wp-content\/uploads\/2024\/11\/IMG-20241121-WA0060-240x300.jpg 240w, https:\/\/laverdadpublica.com\/wp-content\/uploads\/2024\/11\/IMG-20241121-WA0060-819x1024.jpg 819w, https:\/\/laverdadpublica.com\/wp-content\/uploads\/2024\/11\/IMG-20241121-WA0060-768x960.jpg 768w, https:\/\/laverdadpublica.com\/wp-content\/uploads\/2024\/11\/IMG-20241121-WA0060.jpg 1080w\" data-sizes=\"(max-width: 240px) 100vw, 240px\" src=\"data:image\/svg+xml;base64,PHN2ZyB3aWR0aD0iMSIgaGVpZ2h0PSIxIiB4bWxucz0iaHR0cDovL3d3dy53My5vcmcvMjAwMC9zdmciPjwvc3ZnPg==\" style=\"--smush-placeholder-width: 240px; --smush-placeholder-aspect-ratio: 240\/300;\" \/> detall\u00f3 que <em>\u00abser\u00e1 una noche de Acci\u00f3n de Gracias a nuestro Dios, donde le haremos un homenaje al Himnario de Gloria.\u00a0 Cada participante estar\u00e1 cantando esas canciones del Himnario y tendremos una banda de m\u00fasicos en vivo\u00bb.\u00a0<\/em><\/p>\n<p style=\"text-align: justify;\">Entre los artistas invitados al auditorio iglesia La Vi\u00f1a de Dios (frente al club San Carlos), a las 7:00 P. M. estar\u00e1n Johan Paulino, Christopher Henry, Danny Alonzo, Nina S\u00e1nchez, Angie Montero, Herasmo Mella, Elian Maneiro, Liliana Telfort, Soribel Ruiz,\u00a0Robert Dely y El Apostol Alexis Angulo.<\/p>\n<p style=\"text-align: justify;\"><strong>Sobre \u00abMi mejor Temporada TV Show.\u00a0<\/strong><\/p>\n<p style=\"text-align: justify;\">Es un pograma Cristoc\u00e9ntrico, que se transmite de lunes a viernes, a las 7:00 P. M. por la plataforma Mi TV, salpicado de mucho humor y con un estilo original, adaptado a la l\u00ednea de los podcast sin dejar de realizar una propuesta segmentada.<\/p>\n<p style=\"text-align: justify;\">Entre los segmentos a destacar est\u00e1n:<\/p>\n<p style=\"text-align: justify;\">\u00abPreguntarle al Pastor\u00bb, \u00abAnalizando con el pastor Newman\u00bb, \u00abHoy no voy a Peliar\u00bb, con Jhoel Guzman; \u00abUnci\u00f3n sobre tacones\u00bb con IdekelG y sus invitadas; \u00abEvangel\u00edzalo\u00bb,\u00a0\u00abEducando parejas\u00bb y una serie especial cada mes, con un tema distinto.<\/p>\n<p style=\"text-align: justify;\">Adem\u00e1s de Jhoel Guzm\u00e1n e IdekelG sus talentos son: La SirenaG, Anneido de Jes\u00fas, Nicol\u00e1s Betancourt, Nicky Pe\u00f1a, Nathanael Decena, Liliana Telfort, Angie Montero, Manuel Cuello (Brisa) y el Pastor Newman.<\/p>\n<p><strong>Planes futuros\u00a0<\/strong><\/p>\n<p style=\"text-align: justify;\">En el 2025 \u00abMi mejor Temporada TV Show tiene planes de realizar cambios interesantes, con miras a continuar captando audiencia.<\/p>\n<blockquote>\n<p style=\"text-align: justify;\">\u00abNos preparamos para tener nuestra propia cabina de transmisi\u00f3n radial y televisiva, nuevos segmentos, nuevos talentos, nueva l\u00ednea gr\u00e1fica y la entrada a un nuevo canal de televisi\u00f3n\u00bb, adelant\u00f3 L\u00f3pez .<\/p>\n<\/blockquote>\n<p>Fuente: Tyrone Dotel<\/p>\n","protected":false},"excerpt":{"rendered":"<p>Santo Domingo, R. D. El programa de corte cristiano \u00abMi mejor Temporada TV Show\u00bb, anunci\u00f3<\/p>\n","protected":false},"author":4,"featured_media":32926,"comment_status":"open","ping_status":"open","sticky":false,"template":"","format":"standard","meta":{"footnotes":""},"categories":[6],"tags":[],"class_list":["post-32925","post","type-post","status-publish","format-standard","has-post-thumbnail","hentry","category-espectaculos"],"_links":{"self":[{"href":"https:\/\/laverdadpublica.com\/index.php\/wp-json\/wp\/v2\/posts\/32925","targetHints":{"allow":["GET"]}}],"collection":[{"href":"https:\/\/laverdadpublica.com\/index.php\/wp-json\/wp\/v2\/posts"}],"about":[{"href":"https:\/\/laverdadpublica.com\/index.php\/wp-json\/wp\/v2\/types\/post"}],"author":[{"embeddable":true,"href":"https:\/\/laverdadpublica.com\/index.php\/wp-json\/wp\/v2\/users\/4"}],"replies":[{"embeddable":true,"href":"https:\/\/laverdadpublica.com\/index.php\/wp-json\/wp\/v2\/comments?post=32925"}],"version-history":[{"count":3,"href":"https:\/\/laverdadpublica.com\/index.php\/wp-json\/wp\/v2\/posts\/32925\/revisions"}],"predecessor-version":[{"id":32930,"href":"https:\/\/laverdadpublica.com\/index.php\/wp-json\/wp\/v2\/posts\/32925\/revisions\/32930"}],"wp:featuredmedia":[{"embeddable":true,"href":"https:\/\/laverdadpublica.com\/index.php\/wp-json\/wp\/v2\/media\/32926"}],"wp:attachment":[{"href":"https:\/\/laverdadpublica.com\/index.php\/wp-json\/wp\/v2\/media?parent=32925"}],"wp:term":[{"taxonomy":"category","embeddable":true,"href":"https:\/\/laverdadpublica.com\/index.php\/wp-json\/wp\/v2\/categories?post=32925"},{"taxonomy":"post_tag","embeddable":true,"href":"https:\/\/laverdadpublica.com\/index.php\/wp-json\/wp\/v2\/tags?post=32925"}],"curies":[{"name":"wp","href":"https:\/\/api.w.org\/{rel}","templated":true}]}}