{"id":33129,"date":"2024-11-22T01:43:42","date_gmt":"2024-11-22T01:43:42","guid":{"rendered":"https:\/\/laverdadpublica.com\/?p=33129"},"modified":"2024-11-23T01:44:06","modified_gmt":"2024-11-23T01:44:06","slug":"dio-astacio-segundo-alcalde-mejor-valorado-de-republica-dominicana","status":"publish","type":"post","link":"https:\/\/laverdadpublica.com\/index.php\/2024\/11\/22\/dio-astacio-segundo-alcalde-mejor-valorado-de-republica-dominicana\/","title":{"rendered":"D\u00edo Astacio segundo Alcalde mejor valorado de Rep\u00fablica Dominicana"},"content":{"rendered":"<blockquote>\n<p style=\"text-align: justify;\">Con este premio entregado, Gala Media Group reconoce su liderazgo, eficiencia, transparencia, buenas pr\u00e1cticas y el compromiso de su gesti\u00f3n municipal.<\/p>\n<\/blockquote>\n<p style=\"text-align: justify;\">Santo Domingo Este.- D\u00edo Astacio fue reconocido como el segundo alcalde mejor valorado del pa\u00eds, en la primera versi\u00f3n del Premio a la Municipalidad, entregado en presencia de 158 alcaldes, dentro del marco de la XXIII Asamblea General de Municipios de la Federaci\u00f3n Dominicana de Municipios (FEDOMU), realizado en Punta Cana.<\/p>\n<p style=\"text-align: justify;\">Este galard\u00f3n reconoce a l\u00edderes, que han demostrado una gerencia p\u00fablica caracterizada por la excelencia administrativa. En ese mismo sentido, destaca el compromiso de los alcaldes y alcaldesas que implementan pr\u00e1cticas efectivas para la gesti\u00f3n de los residuos s\u00f3lidos y resalta a los gobiernos locales que se han distinguido por proyectos que impactan positivamente en la ciudadan\u00eda.<\/p>\n<blockquote>\n<p style=\"text-align: justify;\">\u201cAgradezco a Gala Media Group y a la Federaci\u00f3n Dominicana de Municipios por esta distinci\u00f3n, que nos impulsa a continuar trabajando con transparencia, eficiencia y dedicaci\u00f3n, siempre pensando en el bienestar de nuestra gente. Este reconocimiento es de cada colaborador, de cada ciudadano que conf\u00eda en nuestra gesti\u00f3n, y de todo el que contribuye hacer de Santo Domingo Este una ciudad modelo\u00bb, expres\u00f3 Astacio.<\/p>\n<\/blockquote>\n<p style=\"text-align: justify;\">El Alcalde D\u00edo Astacio, manifest\u00f3 su firme compromiso de seguir liderando una administraci\u00f3n centrada en el progreso, la organizaci\u00f3n y el desarrollo sostenible de Santo Domingo Este, \u00ab<em>nuestro objetivo sigue siendo construir una ciudad que brille como una marca de orgullo para todos los mun\u00edcipes, destac\u00e1ndose por su turismo, industria, comercio y gobernanza<\/em>\u00ab, cit\u00f3.<\/p>\n<p style=\"text-align: justify;\">La firma encuestadora Sondeos public\u00f3 recientemente su \u00faltimo ranking sobre la valoraci\u00f3n positiva y rechazo de los alcaldes de los 31 municipios cabeceras de las provincias del pa\u00eds y el Distrito Nacional. En el balance general Dio Astacio qued\u00f3 segundo con 73% de valoraci\u00f3n positiva.<\/p>\n<p style=\"text-align: justify;\">Durante los primeros meses de su administraci\u00f3n, D\u00edo Astacio, como alcalde del municipio con mayor cantidad de habitantes de la Rep\u00fablica Dominicana, concentr\u00f3 sus esfuerzos en la renovaci\u00f3n de infraestructuras, la mejora de la seguridad ciudadana y la promoci\u00f3n de proyectos comunitarios, as\u00ed como en un programa integral de limpieza que incluyeron la eliminaci\u00f3n de vertederos improvisados y la colocaci\u00f3n de contenedores en puntos cr\u00edticos del municipio.<\/p>\n<p style=\"text-align: justify;\">Con este premio entregado al alcalde D\u00edo Astacio, Gala Media Group y a la Federaci\u00f3n Dominicana de Municipios reconoce su liderazgo, eficiencia, transparencia, buenas pr\u00e1cticas y el compromiso de su gesti\u00f3n municipal.<\/p>\n<p>Fuente: Prensa ASDE<\/p>\n","protected":false},"excerpt":{"rendered":"<p>Con este premio entregado, Gala Media Group reconoce su liderazgo, eficiencia, transparencia, buenas pr\u00e1cticas y<\/p>\n","protected":false},"author":1,"featured_media":33130,"comment_status":"open","ping_status":"open","sticky":false,"template":"","format":"standard","meta":{"footnotes":""},"categories":[7],"tags":[],"class_list":["post-33129","post","type-post","status-publish","format-standard","has-post-thumbnail","hentry","category-nacionales"],"_links":{"self":[{"href":"https:\/\/laverdadpublica.com\/index.php\/wp-json\/wp\/v2\/posts\/33129","targetHints":{"allow":["GET"]}}],"collection":[{"href":"https:\/\/laverdadpublica.com\/index.php\/wp-json\/wp\/v2\/posts"}],"about":[{"href":"https:\/\/laverdadpublica.com\/index.php\/wp-json\/wp\/v2\/types\/post"}],"author":[{"embeddable":true,"href":"https:\/\/laverdadpublica.com\/index.php\/wp-json\/wp\/v2\/users\/1"}],"replies":[{"embeddable":true,"href":"https:\/\/laverdadpublica.com\/index.php\/wp-json\/wp\/v2\/comments?post=33129"}],"version-history":[{"count":1,"href":"https:\/\/laverdadpublica.com\/index.php\/wp-json\/wp\/v2\/posts\/33129\/revisions"}],"predecessor-version":[{"id":33131,"href":"https:\/\/laverdadpublica.com\/index.php\/wp-json\/wp\/v2\/posts\/33129\/revisions\/33131"}],"wp:featuredmedia":[{"embeddable":true,"href":"https:\/\/laverdadpublica.com\/index.php\/wp-json\/wp\/v2\/media\/33130"}],"wp:attachment":[{"href":"https:\/\/laverdadpublica.com\/index.php\/wp-json\/wp\/v2\/media?parent=33129"}],"wp:term":[{"taxonomy":"category","embeddable":true,"href":"https:\/\/laverdadpublica.com\/index.php\/wp-json\/wp\/v2\/categories?post=33129"},{"taxonomy":"post_tag","embeddable":true,"href":"https:\/\/laverdadpublica.com\/index.php\/wp-json\/wp\/v2\/tags?post=33129"}],"curies":[{"name":"wp","href":"https:\/\/api.w.org\/{rel}","templated":true}]}}