{"id":33144,"date":"2024-11-21T21:22:14","date_gmt":"2024-11-21T21:22:14","guid":{"rendered":"https:\/\/laverdadpublica.com\/?p=33144"},"modified":"2024-11-23T02:24:17","modified_gmt":"2024-11-23T02:24:17","slug":"kalil-michel-vecinos-sin-paneles-solares-estan-financiando-a-quienes-los-tienen","status":"publish","type":"post","link":"https:\/\/laverdadpublica.com\/index.php\/2024\/11\/21\/kalil-michel-vecinos-sin-paneles-solares-estan-financiando-a-quienes-los-tienen\/","title":{"rendered":"Kalil Michel: \u00abVecinos sin paneles solares est\u00e1n financiando a quienes los tienen\u201d"},"content":{"rendered":"<p style=\"text-align: justify;\">En un escenario de inter\u00e9s por las energ\u00edas renovables, el arquitecto Kalil Michel, critic\u00f3 el impacto de los paneles solares en el sistema el\u00e9ctrico dominicano durante una intervenci\u00f3n donde afirm\u00f3 que los usuarios sin paneles solares est\u00e1n subsidiando indirectamente el ahorro en las facturas de quienes s\u00ed los poseen.<\/p>\n<p style=\"text-align: justify;\">Durante el programa radial \u00abEl Gobierno de la Ma\u00f1ana\u00bb Michel explic\u00f3 que la estructura actual del sistema el\u00e9ctrico genera una distribuci\u00f3n desigual de los costos, por lo que se\u00f1al\u00f3: \u201cDos millones trescientas treinta mil casas est\u00e1n pagando m\u00e1s de dos mil cuatrocientos pesos anuales de electricidad por esa situaci\u00f3n\u201d.<\/p>\n<p style=\"text-align: justify;\">Seg\u00fan explic\u00f3, cuando alguien con paneles solares afirma orgullosamente que su factura es m\u00e1s baja, en realidad est\u00e1 siendo financiado por sus vecinos.<\/p>\n<p style=\"text-align: justify;\">Adem\u00e1s, dijo que el problema no radica \u00fanicamente en el uso de los paneles solares, sino en la manera en que interact\u00faan con el sistema el\u00e9ctrico nacional.<\/p>\n<blockquote>\n<p style=\"text-align: justify;\">\u201cEl conflicto no est\u00e1 en el costo de la energ\u00eda renovable, sino en su irrupci\u00f3n dentro del sistema de distribuci\u00f3n el\u00e9ctrico\u201d, puntualiz\u00f3 Michel.<\/p>\n<\/blockquote>\n<p style=\"text-align: justify;\">Agreg\u00f3 que la falta de regulaci\u00f3n adecuada por parte de la Superintendencia de Electricidad permite que estas instalaciones operen de manera irregular, generando d\u00e9ficits en el sistema el\u00e9ctrico general.<\/p>\n<p style=\"text-align: justify;\">Seg\u00fan sus estimaciones, cada panel instalado sin un marco normativo adecuado reduce la recaudaci\u00f3n estatal y aumenta el costo de las facturas el\u00e9ctricas para las familias de la comunidad afectada.<\/p>\n<p><strong>Un llamado a las autoridades pertinentes <\/strong><\/p>\n<p style=\"text-align: justify;\">Pidi\u00f3 a las autoridades a intervenir para corregir esta disparidad, por lo que expres\u00f3: \u201cEs fundamental que la Superintendencia de Electricidad regule la incursi\u00f3n irregular de paneles solares. Los propietarios deben pagar por su uso, asegurando que no se siga trasladando el costo a quienes no tienen la posibilidad de instalarlos\u201d.<\/p>\n<p style=\"text-align: justify;\">Agreg\u00f3 que la falta de regulaci\u00f3n no solo afecta al sistema el\u00e9ctrico nacional, sino que tambi\u00e9n genera tensiones dentro de las comunidades, donde las familias con menores recursos soportan un peso desproporcionado en el financiamiento del sistema.<\/p>\n<blockquote>\n<p style=\"text-align: justify;\">\u201cLa instalaci\u00f3n de paneles solares debe ser promovida, pero de manera justa y equilibrada para que todos los usuarios se beneficien sin afectar la sostenibilidad financiera del sistema el\u00e9ctrico\u201d, concluy\u00f3 Michel.<\/p>\n<\/blockquote>\n<p>Fuente: M. Sosa<\/p>\n<p>&nbsp;<\/p>\n","protected":false},"excerpt":{"rendered":"<p>En un escenario de inter\u00e9s por las energ\u00edas renovables, el arquitecto Kalil Michel, critic\u00f3 el<\/p>\n","protected":false},"author":1,"featured_media":33146,"comment_status":"open","ping_status":"open","sticky":false,"template":"","format":"standard","meta":{"footnotes":""},"categories":[233],"tags":[],"class_list":["post-33144","post","type-post","status-publish","format-standard","has-post-thumbnail","hentry","category-medio-ambiente"],"_links":{"self":[{"href":"https:\/\/laverdadpublica.com\/index.php\/wp-json\/wp\/v2\/posts\/33144","targetHints":{"allow":["GET"]}}],"collection":[{"href":"https:\/\/laverdadpublica.com\/index.php\/wp-json\/wp\/v2\/posts"}],"about":[{"href":"https:\/\/laverdadpublica.com\/index.php\/wp-json\/wp\/v2\/types\/post"}],"author":[{"embeddable":true,"href":"https:\/\/laverdadpublica.com\/index.php\/wp-json\/wp\/v2\/users\/1"}],"replies":[{"embeddable":true,"href":"https:\/\/laverdadpublica.com\/index.php\/wp-json\/wp\/v2\/comments?post=33144"}],"version-history":[{"count":1,"href":"https:\/\/laverdadpublica.com\/index.php\/wp-json\/wp\/v2\/posts\/33144\/revisions"}],"predecessor-version":[{"id":33145,"href":"https:\/\/laverdadpublica.com\/index.php\/wp-json\/wp\/v2\/posts\/33144\/revisions\/33145"}],"wp:featuredmedia":[{"embeddable":true,"href":"https:\/\/laverdadpublica.com\/index.php\/wp-json\/wp\/v2\/media\/33146"}],"wp:attachment":[{"href":"https:\/\/laverdadpublica.com\/index.php\/wp-json\/wp\/v2\/media?parent=33144"}],"wp:term":[{"taxonomy":"category","embeddable":true,"href":"https:\/\/laverdadpublica.com\/index.php\/wp-json\/wp\/v2\/categories?post=33144"},{"taxonomy":"post_tag","embeddable":true,"href":"https:\/\/laverdadpublica.com\/index.php\/wp-json\/wp\/v2\/tags?post=33144"}],"curies":[{"name":"wp","href":"https:\/\/api.w.org\/{rel}","templated":true}]}}