{"id":33297,"date":"2024-11-24T14:49:17","date_gmt":"2024-11-24T14:49:17","guid":{"rendered":"https:\/\/laverdadpublica.com\/?p=33297"},"modified":"2024-11-24T14:49:17","modified_gmt":"2024-11-24T14:49:17","slug":"una-noche-de-celebracion-talento-y-reconocimientos-en-los-premios-noche-de-estrellas-2024","status":"publish","type":"post","link":"https:\/\/laverdadpublica.com\/index.php\/2024\/11\/24\/una-noche-de-celebracion-talento-y-reconocimientos-en-los-premios-noche-de-estrellas-2024\/","title":{"rendered":"Una Noche de Celebraci\u00f3n, Talento y Reconocimientos en los Premios Noche de Estrellas 2024"},"content":{"rendered":"<p style=\"text-align: justify;\">NY Noviembre de 2024. El Sanz Hall del Bronx se convirti\u00f3 en el epicentro del talento y la excelencia latina con la celebraci\u00f3n de los Premios Noche de Estrellas 2024 , en su segunda edici\u00f3n. Esta prestigiosa gala, presidida por Lilivet Santana, rindi\u00f3 homenaje a los artistas, periodistas y comunicadores m\u00e1s destacados del a\u00f1o, creando una noche inolvidable llena de emociones y celebraciones.<\/p>\n<p style=\"text-align: justify;\">El talentoso periodista y comunicador Jorge De Jes\u00fas fue galardonado junto a su programa Urbana TV FM Canad\u00e1 como Mejor Programa y Productor del A\u00f1o, y tambi\u00e9n se destac\u00f3 como uno de los presentadores principales de la noche.Con su carisma, energ\u00eda y profesionalismo, Jorge mantuvo al p\u00fablico cautivado, guiando la gala con maestr\u00eda y consolid\u00e1ndose como una de las figuras clave del evento.<\/p>\n<p style=\"text-align: justify;\">Uno de los momentos m\u00e1s electrizantes de la noche fue la presentaci\u00f3n de El Pr\u00edncipe Albert, quien deslumbr\u00f3 al p\u00fablico con su merengue \u201cTa Bueno Santo Domingo\u201d. Su actuaci\u00f3n encendi\u00f3 la pista, llevando a los asistentes a disfrutar de una fiesta llena de energ\u00eda y sabor dominicano. Este homenaje a su trayectoria reafirma su posici\u00f3n como uno de los grandes exponentes del merengue.<\/p>\n<p style=\"text-align: justify;\">El salsero Yani Borel, conocido como \u201cEl Elegante de la Salsa\u201d, fue galardonado como Salsero del A\u00f1o, un reconocimiento a su dedicaci\u00f3n y talento en el g\u00e9nero. Su estilo \u00fanico y su interpretaci\u00f3n cautivadora lo han convertido en una figura esencial de la salsa, y este premio marca un hito m\u00e1s en su destacada carrera.<\/p>\n<p style=\"text-align: justify;\">La nueva generaci\u00f3n tambi\u00e9n tuvo su momento especial con el reconocimiento a Ben Anthony, conocido como \u201cLa Voz\u201d de Canad\u00e1, como Artista Joven del A\u00f1o. Su pasi\u00f3n y talento lo han posicionado como una promesa destacada en la m\u00fasica latina, y su premio celebra su esfuerzo y potencial para conquistar a\u00fan m\u00e1s escenarios internacionales.<\/p>\n<p style=\"text-align: justify;\">La periodista y escritora Rita Mendoza se llev\u00f3 uno de los premios m\u00e1s importantes de la noche, al ser reconocida por su impresionante trayectoria y nombrada Periodista Destacada del A\u00f1o. Como una de las presentadoras principales de la gala, Rita combin\u00f3 su elegancia y elocuencia para hacer de esta velada una experiencia memorable. Su premio es un merecido tributo a a\u00f1os de dedicaci\u00f3n y excelencia en el mundo del periodismo.<\/p>\n<p style=\"text-align: justify;\"><strong>Reconocimientos a la Comunicaci\u00f3n y la Cultura<\/strong><\/p>\n<p style=\"text-align: justify;\">El impacto de los medios fue destacado con los premios a Urbana TV FM Canad\u00e1 como Mejor Programa y Productor del A\u00f1o, gracias al liderazgo de Jorge De Jes\u00fas. Asimismo, Cronicasconnova como medio digital y Karina Almonte recibi\u00f3 el galard\u00f3n a Comunicadora del A\u00f1o, destacando su conexi\u00f3n \u00fanica con la audiencia y su contribuci\u00f3n al mundo de la comunicaci\u00f3n.<\/p>\n<p><strong>Un Evento que Celebr\u00f3 la Excelencia<\/strong><\/p>\n<p style=\"text-align: justify;\">Con la impecable organizaci\u00f3n de Lilivet Santana, presidenta del evento, y el apoyo de figuras clave como Juan Cepeda, vicepresidente de los premios, esta edici\u00f3n de los Premios Noche de Estrellas dej\u00f3 huella en todos los asistentes.<\/p>\n<p style=\"text-align: justify;\">Desde las actuaciones vibrantes como la de El Pr\u00edncipe Albert, los triunfos de Yani Borel y Ben Anthony, hasta los homenajes a periodistas como Rita Mendoza y comunicadores como Jorge De Jes\u00fas, esta gala no solo celebr\u00f3 a las estrellas de hoy, sino que tambi\u00e9n insoiro a las generaciones futuras.<\/p>\n<blockquote>\n<p style=\"text-align: center;\">\u00a1Nos vemos el pr\u00f3ximo a\u00f1o para seguir celebrando a nuestras estrellas y nuestra cultura!<\/p>\n<\/blockquote>\n<p>&nbsp;<\/p>\n<p>&nbsp;<\/p>\n<p>&nbsp;<\/p>\n<p>Fuente: Cr\u00f3nicas con Novas<\/p>\n","protected":false},"excerpt":{"rendered":"<p>NY Noviembre de 2024. El Sanz Hall del Bronx se convirti\u00f3 en el epicentro del<\/p>\n","protected":false},"author":1,"featured_media":0,"comment_status":"open","ping_status":"open","sticky":false,"template":"","format":"standard","meta":{"footnotes":""},"categories":[16],"tags":[],"class_list":["post-33297","post","type-post","status-publish","format-standard","hentry","category-internacionales"],"_links":{"self":[{"href":"https:\/\/laverdadpublica.com\/index.php\/wp-json\/wp\/v2\/posts\/33297","targetHints":{"allow":["GET"]}}],"collection":[{"href":"https:\/\/laverdadpublica.com\/index.php\/wp-json\/wp\/v2\/posts"}],"about":[{"href":"https:\/\/laverdadpublica.com\/index.php\/wp-json\/wp\/v2\/types\/post"}],"author":[{"embeddable":true,"href":"https:\/\/laverdadpublica.com\/index.php\/wp-json\/wp\/v2\/users\/1"}],"replies":[{"embeddable":true,"href":"https:\/\/laverdadpublica.com\/index.php\/wp-json\/wp\/v2\/comments?post=33297"}],"version-history":[{"count":1,"href":"https:\/\/laverdadpublica.com\/index.php\/wp-json\/wp\/v2\/posts\/33297\/revisions"}],"predecessor-version":[{"id":33299,"href":"https:\/\/laverdadpublica.com\/index.php\/wp-json\/wp\/v2\/posts\/33297\/revisions\/33299"}],"wp:attachment":[{"href":"https:\/\/laverdadpublica.com\/index.php\/wp-json\/wp\/v2\/media?parent=33297"}],"wp:term":[{"taxonomy":"category","embeddable":true,"href":"https:\/\/laverdadpublica.com\/index.php\/wp-json\/wp\/v2\/categories?post=33297"},{"taxonomy":"post_tag","embeddable":true,"href":"https:\/\/laverdadpublica.com\/index.php\/wp-json\/wp\/v2\/tags?post=33297"}],"curies":[{"name":"wp","href":"https:\/\/api.w.org\/{rel}","templated":true}]}}