{"id":33522,"date":"2024-11-26T16:01:01","date_gmt":"2024-11-26T16:01:01","guid":{"rendered":"https:\/\/laverdadpublica.com\/?p=33522"},"modified":"2024-11-26T16:02:57","modified_gmt":"2024-11-26T16:02:57","slug":"gobierno-pagara-30-mil-777-millones-por-concepto-de-regalia-en-la-proxima-semana","status":"publish","type":"post","link":"https:\/\/laverdadpublica.com\/index.php\/2024\/11\/26\/gobierno-pagara-30-mil-777-millones-por-concepto-de-regalia-en-la-proxima-semana\/","title":{"rendered":"Gobierno pagar\u00e1 30 mil 777 millones por concepto de regal\u00eda en la pr\u00f3xima semana"},"content":{"rendered":"<p>El presidente de la Rep\u00fablica, Luis Abinader, anunci\u00f3 este lunes que el Gobierno dominicano pagar\u00e1 un total de 30 mil 777 millones de pesos por concepto de regal\u00eda pascual en la primera semana de diciembre.<\/p>\n<p>El mandatario dio la informaci\u00f3n durante la conferencia de prensa La Semanal, donde anunci\u00f3 los planes del Gobierno para esta Navidad, que por el alcance que tendr\u00e1n vaticin\u00f3 que la brisa navide\u00f1a de este a\u00f1o ser\u00e1 m\u00e1s fuerte que la del a\u00f1o pasado.<\/p>\n<p><strong>Villa Navidad<\/strong><\/p>\n<p>Abinader\u00a0dio que con estas fiestas tambi\u00e9n retorna\u00a0Villa Navidad en Santo Domingo, a celebrarse en el Palacio de los Deportes del 30 de noviembre al 6 de enero, y Santiago, en los Jardines del Teatro Nacional, del 2 de diciembre al 6 de enero, con nuevas atracciones para el disfrute familiar como son shows de drones, t\u00edteres y espuma con el Grinch, un carrusel, museo del deporte, educaci\u00f3n vial y fuegos artificiales todos los fines de semana.<\/p>\n<p>&nbsp;<\/p>\n<p>Fuente: La Semanal<\/p>\n","protected":false},"excerpt":{"rendered":"<p>El presidente de la Rep\u00fablica, Luis Abinader, anunci\u00f3 este lunes que el Gobierno dominicano pagar\u00e1<\/p>\n","protected":false},"author":1,"featured_media":33525,"comment_status":"open","ping_status":"open","sticky":false,"template":"","format":"standard","meta":{"footnotes":""},"categories":[7],"tags":[],"class_list":["post-33522","post","type-post","status-publish","format-standard","has-post-thumbnail","hentry","category-nacionales"],"_links":{"self":[{"href":"https:\/\/laverdadpublica.com\/index.php\/wp-json\/wp\/v2\/posts\/33522","targetHints":{"allow":["GET"]}}],"collection":[{"href":"https:\/\/laverdadpublica.com\/index.php\/wp-json\/wp\/v2\/posts"}],"about":[{"href":"https:\/\/laverdadpublica.com\/index.php\/wp-json\/wp\/v2\/types\/post"}],"author":[{"embeddable":true,"href":"https:\/\/laverdadpublica.com\/index.php\/wp-json\/wp\/v2\/users\/1"}],"replies":[{"embeddable":true,"href":"https:\/\/laverdadpublica.com\/index.php\/wp-json\/wp\/v2\/comments?post=33522"}],"version-history":[{"count":4,"href":"https:\/\/laverdadpublica.com\/index.php\/wp-json\/wp\/v2\/posts\/33522\/revisions"}],"predecessor-version":[{"id":33527,"href":"https:\/\/laverdadpublica.com\/index.php\/wp-json\/wp\/v2\/posts\/33522\/revisions\/33527"}],"wp:featuredmedia":[{"embeddable":true,"href":"https:\/\/laverdadpublica.com\/index.php\/wp-json\/wp\/v2\/media\/33525"}],"wp:attachment":[{"href":"https:\/\/laverdadpublica.com\/index.php\/wp-json\/wp\/v2\/media?parent=33522"}],"wp:term":[{"taxonomy":"category","embeddable":true,"href":"https:\/\/laverdadpublica.com\/index.php\/wp-json\/wp\/v2\/categories?post=33522"},{"taxonomy":"post_tag","embeddable":true,"href":"https:\/\/laverdadpublica.com\/index.php\/wp-json\/wp\/v2\/tags?post=33522"}],"curies":[{"name":"wp","href":"https:\/\/api.w.org\/{rel}","templated":true}]}}