{"id":33636,"date":"2024-11-26T00:36:04","date_gmt":"2024-11-26T00:36:04","guid":{"rendered":"https:\/\/laverdadpublica.com\/?p=33636"},"modified":"2024-11-27T00:37:54","modified_gmt":"2024-11-27T00:37:54","slug":"alcalde-dio-astacio-resalta-la-importancia-de-nuestro-ritmo-el-merengue","status":"publish","type":"post","link":"https:\/\/laverdadpublica.com\/index.php\/2024\/11\/26\/alcalde-dio-astacio-resalta-la-importancia-de-nuestro-ritmo-el-merengue\/","title":{"rendered":"Alcalde D\u00edo Astacio resalta la importancia de nuestro ritmo: el Merengue"},"content":{"rendered":"<blockquote>\n<p style=\"text-align: justify;\">Los destacados merengueros Chuky Acosta, Jandy Ventura y Monchi Capricho participaron de un desayuno organizado en la Alcald\u00eda.<\/p>\n<\/blockquote>\n<p style=\"text-align: justify;\">Santo Domingo Este.- Este 26 de noviembre, al conmemorarse el D\u00eda Nacional del Merengue, el Ayuntamiento de Santo Domingo Este realiz\u00f3 un desayuno especial con la presencia de destacas figuras del arte que han exaltado nuestro ritmo aut\u00f3ctono.<\/p>\n<p style=\"text-align: justify;\">Jandy Ventura, Chuky Acosta y Monchi Capricho fueron recibidos a ritmo de g\u00fcira y tambora por el alcalde D\u00edo Astacio quien expres\u00f3 que <em>\u201ces un honor tenerles a ustedes aqu\u00ed como glorias que son del merengue dominicano, gracias por aceptar la invitaci\u00f3n a este municipio\u201d.<\/em><\/p>\n<p style=\"text-align: justify;\">En el encuentro, el director de Cultura, Alfredo Reynoso, destac\u00f3 el compromiso del alcalde D\u00edo Astacio con el arte y la cultura.<\/p>\n<blockquote>\n<p style=\"text-align: justify;\">\u201cEste encuentro es una muestra de compromiso con nuestra identidad dominicana y, adem\u00e1s, se convierte en un espacio en el que podemos explorar posibilidades futuras, considerando la riqueza cultural que tiene este municipio\u201d.<\/p>\n<\/blockquote>\n<p style=\"text-align: justify;\">En representaci\u00f3n de sus colegas, Jandy Ventura mostr\u00f3 su agradecimiento por la invitaci\u00f3n de la Alcald\u00eda, en un d\u00eda tan especial para los merengueros.<\/p>\n<blockquote>\n<p style=\"text-align: justify;\">\u201cHoy estamos celebrando no solo el merengue, sino a toda la Rep\u00fablica Dominicana. Felicidades a todos los merengueros aqu\u00ed presentes, as\u00ed como tambi\u00e9n, a todo el que cultiva el g\u00e9nero, al que lo baila, lo canta y lo escucha\u201d, dijo el l\u00edder del Legado.<\/p>\n<\/blockquote>\n<p style=\"text-align: justify;\">Adem\u00e1s de los merengueros, estuvieron presentes en el desayuno el empresario Francisco-Chino-M\u00e9ndez, Leonardo Mart\u00ednez Abreu, secretario t\u00e9cnico, Julissa Moral, directora de Comunicaciones y Madelin Pe\u00f1a, encargada de Prensa, entre otros.<\/p>\n<p style=\"text-align: justify;\">El D\u00eda Nacional del Merengue fue institucionalizado mediante el decreto 619-05 el 11 de noviembre de 2005, en honor a que, por primera vez, en 1854 apareci\u00f3 publicado el vocablo <em>\u201cmerengue\u201d<\/em> en el peri\u00f3dico El Oasis.<\/p>\n<p style=\"text-align: justify;\">Inicialmente asociado a las zonas rurales, este g\u00e9nero fue adoptado y transformado con el tiempo, ganando aceptaci\u00f3n en las ciudades y convirti\u00e9ndose en el ritmo que hoy identifica a los dominicanos.<\/p>\n<p style=\"text-align: justify;\">El merengue, declarado Patrimonio Cultural Inmaterial de la Humanidad por la Organizaci\u00f3n de las Naciones Unidas para la Educaci\u00f3n, la Ciencia y la Cultura (Unesco), el 30 de noviembre del a\u00f1o 2016, es un reconocimiento a los exponentes de la m\u00fasica nacional, en particular a las ra\u00edces culturales de la Rep\u00fablica Dominicana.<\/p>\n<p>Fuente: Prensa ADSE<\/p>\n","protected":false},"excerpt":{"rendered":"<p>Los destacados merengueros Chuky Acosta, Jandy Ventura y Monchi Capricho participaron de un desayuno organizado<\/p>\n","protected":false},"author":4,"featured_media":33638,"comment_status":"open","ping_status":"open","sticky":false,"template":"","format":"standard","meta":{"footnotes":""},"categories":[7],"tags":[],"class_list":["post-33636","post","type-post","status-publish","format-standard","has-post-thumbnail","hentry","category-nacionales"],"_links":{"self":[{"href":"https:\/\/laverdadpublica.com\/index.php\/wp-json\/wp\/v2\/posts\/33636","targetHints":{"allow":["GET"]}}],"collection":[{"href":"https:\/\/laverdadpublica.com\/index.php\/wp-json\/wp\/v2\/posts"}],"about":[{"href":"https:\/\/laverdadpublica.com\/index.php\/wp-json\/wp\/v2\/types\/post"}],"author":[{"embeddable":true,"href":"https:\/\/laverdadpublica.com\/index.php\/wp-json\/wp\/v2\/users\/4"}],"replies":[{"embeddable":true,"href":"https:\/\/laverdadpublica.com\/index.php\/wp-json\/wp\/v2\/comments?post=33636"}],"version-history":[{"count":1,"href":"https:\/\/laverdadpublica.com\/index.php\/wp-json\/wp\/v2\/posts\/33636\/revisions"}],"predecessor-version":[{"id":33637,"href":"https:\/\/laverdadpublica.com\/index.php\/wp-json\/wp\/v2\/posts\/33636\/revisions\/33637"}],"wp:featuredmedia":[{"embeddable":true,"href":"https:\/\/laverdadpublica.com\/index.php\/wp-json\/wp\/v2\/media\/33638"}],"wp:attachment":[{"href":"https:\/\/laverdadpublica.com\/index.php\/wp-json\/wp\/v2\/media?parent=33636"}],"wp:term":[{"taxonomy":"category","embeddable":true,"href":"https:\/\/laverdadpublica.com\/index.php\/wp-json\/wp\/v2\/categories?post=33636"},{"taxonomy":"post_tag","embeddable":true,"href":"https:\/\/laverdadpublica.com\/index.php\/wp-json\/wp\/v2\/tags?post=33636"}],"curies":[{"name":"wp","href":"https:\/\/api.w.org\/{rel}","templated":true}]}}