{"id":34116,"date":"2024-12-03T12:47:29","date_gmt":"2024-12-03T12:47:29","guid":{"rendered":"https:\/\/laverdadpublica.com\/?p=34116"},"modified":"2024-12-03T12:47:29","modified_gmt":"2024-12-03T12:47:29","slug":"crazy-design-deja-claro-que-los-hijos-son-sagrados","status":"publish","type":"post","link":"https:\/\/laverdadpublica.com\/index.php\/2024\/12\/03\/crazy-design-deja-claro-que-los-hijos-son-sagrados\/","title":{"rendered":"Crazy Design deja claro que \u00ablos hijos son sagrados\u00bb"},"content":{"rendered":"<header class=\"entry-header\"><\/header>\n<div class=\"entry-content\">\n<div id=\"st-1\" class=\"sharethis-inline-share-buttons st-center st-lang-es st-has-labels  st-inline-share-buttons st-animated\">\n<div class=\"st-btn st-last st-remove-label\" style=\"text-align: justify;\" data-network=\"whatsapp\">El artista urbano Crazy Design comparti\u00f3 un contundente mensaje en su cuenta de Instagram junto a una fotograf\u00eda que muestra a sus hijos y su ex pareja, Sandra Berrocal. A pesar de que la pareja ya no est\u00e1 unida, el cantante dej\u00f3 claro que el bienestar y la protecci\u00f3n de sus hijos siguen siendo su prioridad absoluta.<\/div>\n<\/div>\n<blockquote><p><em>\u201cAunque Sandra y yo no estamos juntos como pareja, siempre estaremos para cuidar y proteger como padres a nuestros hijos. MI FAMILIA ES INTOCABLE\u2026 y aqu\u00ed siempre #FaltaDeEmpat\u00eda. Los hijos son sagrados!\u201d<\/em>, expres\u00f3 Crazy Design en la publicaci\u00f3n, acompa\u00f1ada de una imagen cargada de calidez y uni\u00f3n familiar.<\/p><\/blockquote>\n<p style=\"text-align: justify;\">El mensaje resalta la importancia de mantener la armon\u00eda en la familia, incluso tras una separaci\u00f3n, y pone en primer plano el rol fundamental que ambos padres tienen en la crianza y protecci\u00f3n de sus hijos.<\/p>\n<p style=\"text-align: justify;\">Crazy Design reafirma con este gesto que, m\u00e1s all\u00e1 de las circunstancias, la familia sigue siendo el pilar m\u00e1s importante, y los hijos merecen crecer en un ambiente de amor, respeto y empat\u00eda.<\/p>\n<p>Fuente: Sin Noticias<\/p>\n<p style=\"text-align: justify;\">\n<blockquote class=\"instagram-media\" data-instgrm-captioned=\"\" data-instgrm-permalink=\"https:\/\/www.instagram.com\/p\/DDFm7kipnUS\/?utm_source=ig_embed&amp;utm_campaign=loading\" data-instgrm-version=\"14\">\n<div>\n<div>\n<div><\/div>\n<div><\/div>\n<\/div>\n<\/div>\n<\/blockquote>\n<\/div>\n","protected":false},"excerpt":{"rendered":"<p>El artista urbano Crazy Design comparti\u00f3 un contundente mensaje en su cuenta de Instagram junto<\/p>\n","protected":false},"author":1,"featured_media":34117,"comment_status":"open","ping_status":"open","sticky":false,"template":"","format":"standard","meta":{"footnotes":""},"categories":[7],"tags":[],"class_list":["post-34116","post","type-post","status-publish","format-standard","has-post-thumbnail","hentry","category-nacionales"],"_links":{"self":[{"href":"https:\/\/laverdadpublica.com\/index.php\/wp-json\/wp\/v2\/posts\/34116","targetHints":{"allow":["GET"]}}],"collection":[{"href":"https:\/\/laverdadpublica.com\/index.php\/wp-json\/wp\/v2\/posts"}],"about":[{"href":"https:\/\/laverdadpublica.com\/index.php\/wp-json\/wp\/v2\/types\/post"}],"author":[{"embeddable":true,"href":"https:\/\/laverdadpublica.com\/index.php\/wp-json\/wp\/v2\/users\/1"}],"replies":[{"embeddable":true,"href":"https:\/\/laverdadpublica.com\/index.php\/wp-json\/wp\/v2\/comments?post=34116"}],"version-history":[{"count":1,"href":"https:\/\/laverdadpublica.com\/index.php\/wp-json\/wp\/v2\/posts\/34116\/revisions"}],"predecessor-version":[{"id":34118,"href":"https:\/\/laverdadpublica.com\/index.php\/wp-json\/wp\/v2\/posts\/34116\/revisions\/34118"}],"wp:featuredmedia":[{"embeddable":true,"href":"https:\/\/laverdadpublica.com\/index.php\/wp-json\/wp\/v2\/media\/34117"}],"wp:attachment":[{"href":"https:\/\/laverdadpublica.com\/index.php\/wp-json\/wp\/v2\/media?parent=34116"}],"wp:term":[{"taxonomy":"category","embeddable":true,"href":"https:\/\/laverdadpublica.com\/index.php\/wp-json\/wp\/v2\/categories?post=34116"},{"taxonomy":"post_tag","embeddable":true,"href":"https:\/\/laverdadpublica.com\/index.php\/wp-json\/wp\/v2\/tags?post=34116"}],"curies":[{"name":"wp","href":"https:\/\/api.w.org\/{rel}","templated":true}]}}