{"id":34124,"date":"2024-12-03T12:51:29","date_gmt":"2024-12-03T12:51:29","guid":{"rendered":"https:\/\/laverdadpublica.com\/?p=34124"},"modified":"2024-12-03T12:51:29","modified_gmt":"2024-12-03T12:51:29","slug":"abinader-no-considera-que-tropas-kenianas-hayan-fracasado-en-haiti","status":"publish","type":"post","link":"https:\/\/laverdadpublica.com\/index.php\/2024\/12\/03\/abinader-no-considera-que-tropas-kenianas-hayan-fracasado-en-haiti\/","title":{"rendered":"Abinader no considera que tropas kenianas hayan fracasado en Hait\u00ed"},"content":{"rendered":"<p style=\"text-align: justify;\">El presidente Luis Abinader expres\u00f3 su preocupaci\u00f3n por el desempe\u00f1o de las tropas kenianas en Hait\u00ed, calific\u00e1ndolas como un \u201cfracaso\u201d debido a la falta de implementaci\u00f3n seg\u00fan lo planificado.<\/p>\n<p style=\"text-align: justify;\">Durante su participaci\u00f3n en La Semanal con la Prensa, Abinader indic\u00f3 que, aunque estaba previsto el despliegue de 2,500 efectivos, hasta el momento solo se encuentran 400 en territorio haitiano.<\/p>\n<p style=\"text-align: justify;\">El mandatario atribuy\u00f3 esta situaci\u00f3n a la falta de fondos disponibles para apoyar la misi\u00f3n, un tema que, seg\u00fan dijo, ya hab\u00eda discutido con el presidente de Kenia, William Ruto, en septiembre pasado.<\/p>\n<blockquote>\n<p style=\"text-align: justify;\">\u201cEstoy seguro de que si se transfieren los fondos y se logra alcanzar el despliegue de los 2,500 efectivos, ser\u00e1 un \u00e9xito y contribuir\u00e1 a pacificar a Hait\u00ed. Eso es lo que esperamos\u201d, afirm\u00f3 Abinader, reiterando la importancia de la estabilidad en el vecino pa\u00eds.<\/p>\n<\/blockquote>\n<p>Fuente: Diario Libre<\/p>\n","protected":false},"excerpt":{"rendered":"<p>El presidente Luis Abinader expres\u00f3 su preocupaci\u00f3n por el desempe\u00f1o de las tropas kenianas en<\/p>\n","protected":false},"author":1,"featured_media":34125,"comment_status":"open","ping_status":"open","sticky":false,"template":"","format":"standard","meta":{"footnotes":""},"categories":[7],"tags":[],"class_list":["post-34124","post","type-post","status-publish","format-standard","has-post-thumbnail","hentry","category-nacionales"],"_links":{"self":[{"href":"https:\/\/laverdadpublica.com\/index.php\/wp-json\/wp\/v2\/posts\/34124","targetHints":{"allow":["GET"]}}],"collection":[{"href":"https:\/\/laverdadpublica.com\/index.php\/wp-json\/wp\/v2\/posts"}],"about":[{"href":"https:\/\/laverdadpublica.com\/index.php\/wp-json\/wp\/v2\/types\/post"}],"author":[{"embeddable":true,"href":"https:\/\/laverdadpublica.com\/index.php\/wp-json\/wp\/v2\/users\/1"}],"replies":[{"embeddable":true,"href":"https:\/\/laverdadpublica.com\/index.php\/wp-json\/wp\/v2\/comments?post=34124"}],"version-history":[{"count":1,"href":"https:\/\/laverdadpublica.com\/index.php\/wp-json\/wp\/v2\/posts\/34124\/revisions"}],"predecessor-version":[{"id":34126,"href":"https:\/\/laverdadpublica.com\/index.php\/wp-json\/wp\/v2\/posts\/34124\/revisions\/34126"}],"wp:featuredmedia":[{"embeddable":true,"href":"https:\/\/laverdadpublica.com\/index.php\/wp-json\/wp\/v2\/media\/34125"}],"wp:attachment":[{"href":"https:\/\/laverdadpublica.com\/index.php\/wp-json\/wp\/v2\/media?parent=34124"}],"wp:term":[{"taxonomy":"category","embeddable":true,"href":"https:\/\/laverdadpublica.com\/index.php\/wp-json\/wp\/v2\/categories?post=34124"},{"taxonomy":"post_tag","embeddable":true,"href":"https:\/\/laverdadpublica.com\/index.php\/wp-json\/wp\/v2\/tags?post=34124"}],"curies":[{"name":"wp","href":"https:\/\/api.w.org\/{rel}","templated":true}]}}