{"id":35286,"date":"2024-12-17T23:42:46","date_gmt":"2024-12-17T23:42:46","guid":{"rendered":"https:\/\/laverdadpublica.com\/?p=35286"},"modified":"2024-12-17T23:44:23","modified_gmt":"2024-12-17T23:44:23","slug":"ocho-policias-y-cinco-militares-han-muerto-este-2024-en-rd-a-manos-de-delincuentes","status":"publish","type":"post","link":"https:\/\/laverdadpublica.com\/index.php\/2024\/12\/17\/ocho-policias-y-cinco-militares-han-muerto-este-2024-en-rd-a-manos-de-delincuentes\/","title":{"rendered":"Ocho polic\u00edas y cinco militares han muerto este 2024 en RD a manos de delincuentes"},"content":{"rendered":"<p style=\"text-align: justify;\">Por Felix Rubio<\/p>\n<p style=\"text-align: justify;\">SANTO DOMINGO. \u2013 A menos de 15 d\u00edas para que concluya este 2024, cerca de diez agentes de la Polic\u00eda Nacional y cinco militares, tres del Ej\u00e9rcito de Rep\u00fablica Dominicana (ERD) y dos de la Fuerza A\u00e9rea, han perdido la vida a manos de la delincuencia que ataca sin piedad a los dominicanos.<\/p>\n<p style=\"text-align: justify;\">De los ocho agentes policiales muertos, tres eran rasos, dos sargentos, dos segundos tenientes y uno cabo.En tanto, que entre los miembros del Ej\u00e9rcito ca\u00eddos, hay un teniente coronel, un teniente y un segundo teniente. Mientras que de los soldados de la Fuerza A\u00e9rea abatidos, uno era capit\u00e1n y el otro segundo teniente.<\/p>\n<p style=\"text-align: justify;\">M\u00e1s de la mitad de estos casos ocurrieron en el Gran Santo Domingo y sus protagonistas tuvieron en com\u00fan despojar de sus pertenencias a sus presas, principalmente sus armas de reglamento.<\/p>\n<p style=\"text-align: justify;\"><strong>Polic\u00edas fallecidos<\/strong><\/p>\n<p style=\"text-align: justify;\">El primer agente policial que muri\u00f3 a consecuencia de la delincuencia, fue el teniente Juan Vallejo Soriano, a quien los antisociales interceptaron para despojarlo de su arma de reglamento.<\/p>\n<p style=\"text-align: justify;\">El hecho ocurri\u00f3 el 1 de junio alrededor de las 6:20 de la ma\u00f1ana, cuando la v\u00edctima se desplazaba en una motocicleta por el sector Canasta 2, de San Crist\u00f3bal.<\/p>\n<p style=\"text-align: justify;\">Por el caso fue apresado Brando Leandro Rodr\u00edguez Aguasviva (Brandol), a quien le impusieron tres meses de prisi\u00f3n preventiva como medida de coerci\u00f3n.<\/p>\n<p style=\"text-align: justify;\">En el mismo mes de junio, el d\u00eda 29 y en la misma provincia San Crist\u00f3bal, cay\u00f3 abatido el raso Roberto Alexander Sierra, quien muri\u00f3 tras recibir varios impactos de disparos en un hecho registrado en la carretera que conduce al municipio de Cambita.<\/p>\n<p>&nbsp;<\/p>\n<p>Fuente: Prensa PN<\/p>\n","protected":false},"excerpt":{"rendered":"<p>Por Felix Rubio SANTO DOMINGO. \u2013 A menos de 15 d\u00edas para que concluya este<\/p>\n","protected":false},"author":1,"featured_media":35288,"comment_status":"open","ping_status":"open","sticky":false,"template":"","format":"standard","meta":{"footnotes":""},"categories":[7],"tags":[],"class_list":["post-35286","post","type-post","status-publish","format-standard","has-post-thumbnail","hentry","category-nacionales"],"_links":{"self":[{"href":"https:\/\/laverdadpublica.com\/index.php\/wp-json\/wp\/v2\/posts\/35286","targetHints":{"allow":["GET"]}}],"collection":[{"href":"https:\/\/laverdadpublica.com\/index.php\/wp-json\/wp\/v2\/posts"}],"about":[{"href":"https:\/\/laverdadpublica.com\/index.php\/wp-json\/wp\/v2\/types\/post"}],"author":[{"embeddable":true,"href":"https:\/\/laverdadpublica.com\/index.php\/wp-json\/wp\/v2\/users\/1"}],"replies":[{"embeddable":true,"href":"https:\/\/laverdadpublica.com\/index.php\/wp-json\/wp\/v2\/comments?post=35286"}],"version-history":[{"count":1,"href":"https:\/\/laverdadpublica.com\/index.php\/wp-json\/wp\/v2\/posts\/35286\/revisions"}],"predecessor-version":[{"id":35287,"href":"https:\/\/laverdadpublica.com\/index.php\/wp-json\/wp\/v2\/posts\/35286\/revisions\/35287"}],"wp:featuredmedia":[{"embeddable":true,"href":"https:\/\/laverdadpublica.com\/index.php\/wp-json\/wp\/v2\/media\/35288"}],"wp:attachment":[{"href":"https:\/\/laverdadpublica.com\/index.php\/wp-json\/wp\/v2\/media?parent=35286"}],"wp:term":[{"taxonomy":"category","embeddable":true,"href":"https:\/\/laverdadpublica.com\/index.php\/wp-json\/wp\/v2\/categories?post=35286"},{"taxonomy":"post_tag","embeddable":true,"href":"https:\/\/laverdadpublica.com\/index.php\/wp-json\/wp\/v2\/tags?post=35286"}],"curies":[{"name":"wp","href":"https:\/\/api.w.org\/{rel}","templated":true}]}}