{"id":35333,"date":"2024-12-17T00:56:38","date_gmt":"2024-12-17T00:56:38","guid":{"rendered":"https:\/\/laverdadpublica.com\/?p=35333"},"modified":"2024-12-18T00:58:11","modified_gmt":"2024-12-18T00:58:11","slug":"el-papa-francisco-condecora-a-destacada-diplomatica-dominicana-por-su-servicio-a-la-iglesia","status":"publish","type":"post","link":"https:\/\/laverdadpublica.com\/index.php\/2024\/12\/17\/el-papa-francisco-condecora-a-destacada-diplomatica-dominicana-por-su-servicio-a-la-iglesia\/","title":{"rendered":"El Papa Francisco condecora a destacada diplom\u00e1tica dominicana por su servicio a la Iglesia\u00a0"},"content":{"rendered":"<p style=\"text-align: justify;\">Santo Domingo, RD. Do\u00f1a Juana Josefina Dom\u00ednguez de Jes\u00fas fue honrada con la prestigiosa medalla \u201cPro Ecclesia et Pontifice\u201d, la m\u00e1s alta distinci\u00f3n concedida por Su Santidad el Papa Francisco, en una solemne ceremonia llevada a cabo en la Nunciatura Apost\u00f3lica de Santo Domingo el pasado domingo 15 de diciembre.<\/p>\n<p style=\"text-align: justify;\">La condecoraci\u00f3n fue entregada por Monse\u00f1or Jean Mendes, Secretario de la Nunciatura Apost\u00f3lica, quien resalt\u00f3 los destacados aportes de Do\u00f1a Juana Josefina a la Iglesia Cat\u00f3lica y su encomiable labor como representante diplom\u00e1tica de la Rep\u00fablica Dominicana ante la Santa Sede.<\/p>\n<blockquote>\n<p style=\"text-align: justify;\">\u201cDo\u00f1a Josefina Dom\u00ednguez ha sido una destacada diplom\u00e1tica dominicana ante la Santa Sede por muchos a\u00f1os, realizando grandes aportes a la Iglesia Cat\u00f3lica. En la actualidad, es la Delegada Magistral de la Orden Ecuestre del Santo Sepulcro de Jerusal\u00e9n y Dama del Santo Padre\u201d, expres\u00f3 Monse\u00f1or Mendes.<\/p>\n<\/blockquote>\n<p style=\"text-align: justify;\">La ceremonia se llev\u00f3 a cabo en un ambiente \u00edntimo, como fue solicitado por la condecorada, destacando su humildad cristiana. Entre los asistentes se encontraban familiares, amigos y colegas diplom\u00e1ticos, quienes se unieron para celebrar este significativo logro.<\/p>\n<p style=\"text-align: justify;\">En sus palabras de agradecimiento, Do\u00f1a Josefina Dom\u00ednguez de Jes\u00fas manifest\u00f3 su profundo honor por recibir este reconocimiento y reafirm\u00f3 su compromiso con la Madre Iglesia, el Papa Francisco y la comunidad cat\u00f3lica.<\/p>\n<blockquote>\n<p style=\"text-align: justify;\">\u00a0\u201cEste reconocimiento no solo honra mi trayectoria, sino que me impulsa a continuar sirviendo con dedicaci\u00f3n y fe a nuestra Iglesia y a la humanidad\u201d, expres\u00f3.<\/p>\n<\/blockquote>\n<p style=\"text-align: justify;\">La medalla \u201cPro Ecclesia et Pontifice\u201d reconoce el compromiso incansable de Do\u00f1a Juana Josefina Dom\u00ednguez con la diplomacia y los valores cristianos, fortaleciendo los lazos entre la Rep\u00fablica Dominicana y la Santa Sede.<\/p>\n<p>Fuente: CRNews<\/p>\n","protected":false},"excerpt":{"rendered":"<p>Santo Domingo, RD. Do\u00f1a Juana Josefina Dom\u00ednguez de Jes\u00fas fue honrada con la prestigiosa medalla<\/p>\n","protected":false},"author":2,"featured_media":35334,"comment_status":"open","ping_status":"open","sticky":false,"template":"","format":"standard","meta":{"footnotes":""},"categories":[7],"tags":[],"class_list":["post-35333","post","type-post","status-publish","format-standard","has-post-thumbnail","hentry","category-nacionales"],"_links":{"self":[{"href":"https:\/\/laverdadpublica.com\/index.php\/wp-json\/wp\/v2\/posts\/35333","targetHints":{"allow":["GET"]}}],"collection":[{"href":"https:\/\/laverdadpublica.com\/index.php\/wp-json\/wp\/v2\/posts"}],"about":[{"href":"https:\/\/laverdadpublica.com\/index.php\/wp-json\/wp\/v2\/types\/post"}],"author":[{"embeddable":true,"href":"https:\/\/laverdadpublica.com\/index.php\/wp-json\/wp\/v2\/users\/2"}],"replies":[{"embeddable":true,"href":"https:\/\/laverdadpublica.com\/index.php\/wp-json\/wp\/v2\/comments?post=35333"}],"version-history":[{"count":1,"href":"https:\/\/laverdadpublica.com\/index.php\/wp-json\/wp\/v2\/posts\/35333\/revisions"}],"predecessor-version":[{"id":35336,"href":"https:\/\/laverdadpublica.com\/index.php\/wp-json\/wp\/v2\/posts\/35333\/revisions\/35336"}],"wp:featuredmedia":[{"embeddable":true,"href":"https:\/\/laverdadpublica.com\/index.php\/wp-json\/wp\/v2\/media\/35334"}],"wp:attachment":[{"href":"https:\/\/laverdadpublica.com\/index.php\/wp-json\/wp\/v2\/media?parent=35333"}],"wp:term":[{"taxonomy":"category","embeddable":true,"href":"https:\/\/laverdadpublica.com\/index.php\/wp-json\/wp\/v2\/categories?post=35333"},{"taxonomy":"post_tag","embeddable":true,"href":"https:\/\/laverdadpublica.com\/index.php\/wp-json\/wp\/v2\/tags?post=35333"}],"curies":[{"name":"wp","href":"https:\/\/api.w.org\/{rel}","templated":true}]}}