{"id":35423,"date":"2024-12-18T19:17:18","date_gmt":"2024-12-18T19:17:18","guid":{"rendered":"https:\/\/laverdadpublica.com\/?p=35423"},"modified":"2024-12-18T19:17:18","modified_gmt":"2024-12-18T19:17:18","slug":"tetra-pak-presenta-el-reciclarbol-de-navidad-en-el-jardin-botanico-nacional-de-republica-dominicana","status":"publish","type":"post","link":"https:\/\/laverdadpublica.com\/index.php\/2024\/12\/18\/tetra-pak-presenta-el-reciclarbol-de-navidad-en-el-jardin-botanico-nacional-de-republica-dominicana\/","title":{"rendered":"Tetra Pak presenta el Recicl\u00e1rbol de Navidad en el Jard\u00edn Bot\u00e1nico Nacional de Rep\u00fablica Dominicana"},"content":{"rendered":"<blockquote>\n<p style=\"font-weight: 400;\"><em>Est\u00e1 en exhibici\u00f3n desde el 15 diciembre de 2024 hasta el 6 de enero de 2025<\/em><\/p>\n<\/blockquote>\n<p style=\"font-weight: 400;\"><strong>Santo Domingo, diciembre 2024.\u00a0<\/strong>Con gran entusiasmo, Tetra Pak, a trav\u00e9s de su programa de reciclaje regional <strong>\u201cTu Papel Cuenta\u201d<\/strong>, inaugur\u00f3 el Recicl\u00e1rbol de Navidad en el emblem\u00e1tico Jard\u00edn Bot\u00e1nico Nacional Doctor Rafael Mar\u00eda Moscoso. Esta iniciativa combina la magia de la \u00e9poca navide\u00f1a con un mensaje de sostenibilidad, destacando la importancia de conservar los recursos naturales mediante el reciclaje. \u00a0\u00a0<img decoding=\"async\" class=\"size-medium wp-image-35427 alignright lazyload\" data-src=\"https:\/\/laverdadpublica.com\/wp-content\/uploads\/2024\/12\/TP-AB-01-300x200.jpeg\" alt=\"\" width=\"300\" height=\"200\" data-srcset=\"https:\/\/laverdadpublica.com\/wp-content\/uploads\/2024\/12\/TP-AB-01-300x200.jpeg 300w, https:\/\/laverdadpublica.com\/wp-content\/uploads\/2024\/12\/TP-AB-01-1024x682.jpeg 1024w, https:\/\/laverdadpublica.com\/wp-content\/uploads\/2024\/12\/TP-AB-01-768x512.jpeg 768w, https:\/\/laverdadpublica.com\/wp-content\/uploads\/2024\/12\/TP-AB-01-1536x1023.jpeg 1536w, https:\/\/laverdadpublica.com\/wp-content\/uploads\/2024\/12\/TP-AB-01.jpeg 1600w\" data-sizes=\"(max-width: 300px) 100vw, 300px\" src=\"data:image\/svg+xml;base64,PHN2ZyB3aWR0aD0iMSIgaGVpZ2h0PSIxIiB4bWxucz0iaHR0cDovL3d3dy53My5vcmcvMjAwMC9zdmciPjwvc3ZnPg==\" style=\"--smush-placeholder-width: 300px; --smush-placeholder-aspect-ratio: 300\/200;\" \/><\/p>\n<p style=\"font-weight: 400;\">Cabe destacar que, con 15 pies de altura, el \u00e1rbol fue construido con l\u00e1minas recicladas de polialuminio, creadas a partir de m\u00e1s de 58,000 envases posconsumo de Tetra Pak. Este proyecto refleja el firme compromiso de la empresa con la sostenibilidad ambiental y forma parte de las acciones que realiza en el pa\u00eds junto a aliados estrat\u00e9gicos en la cadena de recolecci\u00f3n y reciclaje.<\/p>\n<blockquote><p><em>Creativo \u00e1rbol de Navidad confeccionado con l\u00e1minas recicladas de polialuminio<\/em><\/p><\/blockquote>\n<p style=\"font-weight: 400;\">La inauguraci\u00f3n del Recicl\u00e1rbol, realizada en alianza con el Jard\u00edn Bot\u00e1nico Nacional, Grupo Rica y Green Love, fue una experiencia familiar inolvidable que incluy\u00f3 actividades como pintacaritas, personajes navide\u00f1os, m\u00fasica y din\u00e1micas recreativas. Estas actividades no solo buscaron transmitir la magia de la Navidad, sino tambi\u00e9n fomentar la importancia del reciclaje y la protecci\u00f3n del planeta. Guillermo Pugliese, director de Sostenibilidad de Tetra Pak para Andina, Centroam\u00e9rica, el Caribe y M\u00e9xico expres\u00f3 que:<\/p>\n<blockquote>\n<p style=\"font-weight: 400;\">\u201cNos alegra celebrar una vez m\u00e1s la Navidad de una forma tan especial, con este \u00e1rbol que simboliza nuestro compromiso con un futuro m\u00e1s sostenible. Invitamos a todos los dominicanos y dominicanas a visitarlo durante diciembre y a unirse a las diferentes actividades e iniciativas que promovemos durante todo el a\u00f1o, enfocadas en fomentar el reciclaje de los envases posconsumo de Tetra Pak y asegurar su correcta disposici\u00f3n para convertirlos en materia prima o nuevos productos\u201d.<\/p>\n<\/blockquote>\n<p style=\"font-weight: 400; text-align: justify;\"><img decoding=\"async\" class=\"size-medium wp-image-35425 alignleft lazyload\" data-src=\"https:\/\/laverdadpublica.com\/wp-content\/uploads\/2024\/12\/TP-AB-2-300x200.jpeg\" alt=\"\" width=\"300\" height=\"200\" data-srcset=\"https:\/\/laverdadpublica.com\/wp-content\/uploads\/2024\/12\/TP-AB-2-300x200.jpeg 300w, https:\/\/laverdadpublica.com\/wp-content\/uploads\/2024\/12\/TP-AB-2-1024x682.jpeg 1024w, https:\/\/laverdadpublica.com\/wp-content\/uploads\/2024\/12\/TP-AB-2-768x512.jpeg 768w, https:\/\/laverdadpublica.com\/wp-content\/uploads\/2024\/12\/TP-AB-2-1536x1024.jpeg 1536w, https:\/\/laverdadpublica.com\/wp-content\/uploads\/2024\/12\/TP-AB-2-2048x1365.jpeg 2048w\" data-sizes=\"(max-width: 300px) 100vw, 300px\" src=\"data:image\/svg+xml;base64,PHN2ZyB3aWR0aD0iMSIgaGVpZ2h0PSIxIiB4bWxucz0iaHR0cDovL3d3dy53My5vcmcvMjAwMC9zdmciPjwvc3ZnPg==\" style=\"--smush-placeholder-width: 300px; --smush-placeholder-aspect-ratio: 300\/200;\" \/>Durante el evento, se llev\u00f3 a cabo un canje de envases posconsumo de Tetra Pak, donde la comunidad entreg\u00f3 organizadamente sus envases limpios, secos y aplastados para su posterior reciclaje. Adem\u00e1s, los asistentes disfrutaron de un recorrido por el Jard\u00edn Bot\u00e1nico Nacional, descubriendo su belleza y su aporte a la conservaci\u00f3n del medioambiente.<\/p>\n<p style=\"font-weight: 400; text-align: justify;\">Para conocer m\u00e1s sobre el reciclaje de envases de cart\u00f3n de Tetra Pak y el programa de reciclaje regional \u201cTu Papel Cuenta\u201d, la compa\u00f1\u00eda pone a disposici\u00f3n la p\u00e1gina web <a href=\"http:\/\/www.tupapelcuenta.com\/guatemala\" data-saferedirecturl=\"https:\/\/www.google.com\/url?q=http:\/\/www.tupapelcuenta.com\/guatemala&amp;source=gmail&amp;ust=1734635192563000&amp;usg=AOvVaw1s4Z_JODb0M00dqTUQCVSm\">www.tupapelcuenta.com<\/a>\u00a0recurso informativo que incluye detalles sobre reciclaje, un directorio de recuperadores, puntos de acopio y diversas iniciativas de recolecci\u00f3n.<\/p>\n<p>&nbsp;<\/p>\n<p>Fuente: <span class=\"qu\" tabindex=\"-1\" role=\"gridcell\" translate=\"no\"><span class=\"gD\" data-hovercard-id=\"annay.martinez@caribbeanpn.com\" data-hovercard-owner-id=\"28\">Annay Martinez<\/span><\/span><\/p>\n","protected":false},"excerpt":{"rendered":"<p>Est\u00e1 en exhibici\u00f3n desde el 15 diciembre de 2024 hasta el 6 de enero de<\/p>\n","protected":false},"author":4,"featured_media":35428,"comment_status":"open","ping_status":"open","sticky":false,"template":"","format":"standard","meta":{"footnotes":""},"categories":[7],"tags":[],"class_list":["post-35423","post","type-post","status-publish","format-standard","has-post-thumbnail","hentry","category-nacionales"],"_links":{"self":[{"href":"https:\/\/laverdadpublica.com\/index.php\/wp-json\/wp\/v2\/posts\/35423","targetHints":{"allow":["GET"]}}],"collection":[{"href":"https:\/\/laverdadpublica.com\/index.php\/wp-json\/wp\/v2\/posts"}],"about":[{"href":"https:\/\/laverdadpublica.com\/index.php\/wp-json\/wp\/v2\/types\/post"}],"author":[{"embeddable":true,"href":"https:\/\/laverdadpublica.com\/index.php\/wp-json\/wp\/v2\/users\/4"}],"replies":[{"embeddable":true,"href":"https:\/\/laverdadpublica.com\/index.php\/wp-json\/wp\/v2\/comments?post=35423"}],"version-history":[{"count":1,"href":"https:\/\/laverdadpublica.com\/index.php\/wp-json\/wp\/v2\/posts\/35423\/revisions"}],"predecessor-version":[{"id":35429,"href":"https:\/\/laverdadpublica.com\/index.php\/wp-json\/wp\/v2\/posts\/35423\/revisions\/35429"}],"wp:featuredmedia":[{"embeddable":true,"href":"https:\/\/laverdadpublica.com\/index.php\/wp-json\/wp\/v2\/media\/35428"}],"wp:attachment":[{"href":"https:\/\/laverdadpublica.com\/index.php\/wp-json\/wp\/v2\/media?parent=35423"}],"wp:term":[{"taxonomy":"category","embeddable":true,"href":"https:\/\/laverdadpublica.com\/index.php\/wp-json\/wp\/v2\/categories?post=35423"},{"taxonomy":"post_tag","embeddable":true,"href":"https:\/\/laverdadpublica.com\/index.php\/wp-json\/wp\/v2\/tags?post=35423"}],"curies":[{"name":"wp","href":"https:\/\/api.w.org\/{rel}","templated":true}]}}