{"id":35542,"date":"2024-12-19T22:27:16","date_gmt":"2024-12-19T22:27:16","guid":{"rendered":"https:\/\/laverdadpublica.com\/?p=35542"},"modified":"2024-12-19T22:27:16","modified_gmt":"2024-12-19T22:27:16","slug":"la-iglesia-de-dios-unida-imparte-la-conferencia-impulso-digital-cristiano","status":"publish","type":"post","link":"https:\/\/laverdadpublica.com\/index.php\/2024\/12\/19\/la-iglesia-de-dios-unida-imparte-la-conferencia-impulso-digital-cristiano\/","title":{"rendered":"La Iglesia de Dios Unida imparte la Conferencia \u00abImpulso Digital Cristiano\u00bb"},"content":{"rendered":"<p style=\"text-align: justify;\">La Iglesia de Dios Unida en Los Alcarrizos, bajo la direcci\u00f3n del pastor Ismael Castro, fue sede de la conferencia \u00abImpulso Digital Cristiano\u00bb, organizada por Unidos Por El Dise\u00f1o Gr\u00e1fico (UPEDG). El evento, creado por Ezequiel Silfa, reuni\u00f3 a m\u00e1s de 70 j\u00f3venes con el prop\u00f3sito de fomentar el crecimiento digital desde una perspectiva cristiana.<img decoding=\"async\" class=\"size-medium wp-image-35546 alignleft lazyload\" data-src=\"https:\/\/laverdadpublica.com\/wp-content\/uploads\/2024\/12\/IMG-20241218-WA0090-300x169.jpg\" alt=\"\" width=\"300\" height=\"169\" data-srcset=\"https:\/\/laverdadpublica.com\/wp-content\/uploads\/2024\/12\/IMG-20241218-WA0090-300x169.jpg 300w, https:\/\/laverdadpublica.com\/wp-content\/uploads\/2024\/12\/IMG-20241218-WA0090-1024x576.jpg 1024w, https:\/\/laverdadpublica.com\/wp-content\/uploads\/2024\/12\/IMG-20241218-WA0090-768x432.jpg 768w, https:\/\/laverdadpublica.com\/wp-content\/uploads\/2024\/12\/IMG-20241218-WA0090-1536x863.jpg 1536w, https:\/\/laverdadpublica.com\/wp-content\/uploads\/2024\/12\/IMG-20241218-WA0090-2048x1151.jpg 2048w, https:\/\/laverdadpublica.com\/wp-content\/uploads\/2024\/12\/IMG-20241218-WA0090-800x450.jpg 800w\" data-sizes=\"(max-width: 300px) 100vw, 300px\" src=\"data:image\/svg+xml;base64,PHN2ZyB3aWR0aD0iMSIgaGVpZ2h0PSIxIiB4bWxucz0iaHR0cDovL3d3dy53My5vcmcvMjAwMC9zdmciPjwvc3ZnPg==\" style=\"--smush-placeholder-width: 300px; --smush-placeholder-aspect-ratio: 300\/169;\" \/><\/p>\n<p style=\"text-align: justify;\">La conferencia cont\u00f3 con la participaci\u00f3n especial de Farel Guerrero, reconocido por su influencia digital, y de destacados ponentes en diversas \u00e1reas:<\/p>\n<p style=\"text-align: justify;\">\u25aa\ufe0e David Morel : experto en edici\u00f3n de video.<\/p>\n<p>\u25aa\ufe0e \u00c1ngel Reyes: especialista en creaci\u00f3n de contenido.<\/p>\n<p>\u25aa\ufe0e Franco Solano: profesional en fotograf\u00eda.<\/p>\n<p>\u25aa\ufe0e Ismael Castro: promotor de la juventud digital.<\/p>\n<p style=\"text-align: justify;\">Durante la jornada, se ofrecieron charlas especializadas en fotograf\u00eda, edici\u00f3n de video y creaci\u00f3n de contenido, proporcionando herramientas pr\u00e1cticas para que los j\u00f3venes fortalezcan su impacto en el \u00e1mbito digital.<img decoding=\"async\" class=\"size-medium wp-image-35547 alignright lazyload\" data-src=\"https:\/\/laverdadpublica.com\/wp-content\/uploads\/2024\/12\/IMG-20241218-WA0074-300x169.jpg\" alt=\"\" width=\"300\" height=\"169\" data-srcset=\"https:\/\/laverdadpublica.com\/wp-content\/uploads\/2024\/12\/IMG-20241218-WA0074-300x169.jpg 300w, https:\/\/laverdadpublica.com\/wp-content\/uploads\/2024\/12\/IMG-20241218-WA0074-1024x576.jpg 1024w, https:\/\/laverdadpublica.com\/wp-content\/uploads\/2024\/12\/IMG-20241218-WA0074-768x432.jpg 768w, https:\/\/laverdadpublica.com\/wp-content\/uploads\/2024\/12\/IMG-20241218-WA0074-1536x863.jpg 1536w, https:\/\/laverdadpublica.com\/wp-content\/uploads\/2024\/12\/IMG-20241218-WA0074-2048x1151.jpg 2048w, https:\/\/laverdadpublica.com\/wp-content\/uploads\/2024\/12\/IMG-20241218-WA0074-800x450.jpg 800w\" data-sizes=\"(max-width: 300px) 100vw, 300px\" src=\"data:image\/svg+xml;base64,PHN2ZyB3aWR0aD0iMSIgaGVpZ2h0PSIxIiB4bWxucz0iaHR0cDovL3d3dy53My5vcmcvMjAwMC9zdmciPjwvc3ZnPg==\" style=\"--smush-placeholder-width: 300px; --smush-placeholder-aspect-ratio: 300\/169;\" \/><\/p>\n<p style=\"text-align: justify;\">El objetivo principal del taller fue motivar a los j\u00f3venes a no limitarse en su aprendizaje y a perseverar en sus sue\u00f1os, enfatizando que, con preparaci\u00f3n y fe, nada puede detener su desarrollo personal y espiritual.<\/p>\n<p style=\"text-align: justify;\"><img decoding=\"async\" class=\"size-medium wp-image-35543 alignleft lazyload\" data-src=\"https:\/\/laverdadpublica.com\/wp-content\/uploads\/2024\/12\/IMG-20241218-WA0089-300x169.jpg\" alt=\"\" width=\"300\" height=\"169\" data-srcset=\"https:\/\/laverdadpublica.com\/wp-content\/uploads\/2024\/12\/IMG-20241218-WA0089-300x169.jpg 300w, https:\/\/laverdadpublica.com\/wp-content\/uploads\/2024\/12\/IMG-20241218-WA0089-1024x576.jpg 1024w, https:\/\/laverdadpublica.com\/wp-content\/uploads\/2024\/12\/IMG-20241218-WA0089-768x432.jpg 768w, https:\/\/laverdadpublica.com\/wp-content\/uploads\/2024\/12\/IMG-20241218-WA0089-1536x863.jpg 1536w, https:\/\/laverdadpublica.com\/wp-content\/uploads\/2024\/12\/IMG-20241218-WA0089-2048x1151.jpg 2048w, https:\/\/laverdadpublica.com\/wp-content\/uploads\/2024\/12\/IMG-20241218-WA0089-800x450.jpg 800w\" data-sizes=\"(max-width: 300px) 100vw, 300px\" src=\"data:image\/svg+xml;base64,PHN2ZyB3aWR0aD0iMSIgaGVpZ2h0PSIxIiB4bWxucz0iaHR0cDovL3d3dy53My5vcmcvMjAwMC9zdmciPjwvc3ZnPg==\" style=\"--smush-placeholder-width: 300px; --smush-placeholder-aspect-ratio: 300\/169;\" \/>Esta iniciativa reafirma el compromiso de UPEDG con el empoderamiento de la juventud cristiana, proporcion\u00e1ndoles recursos para compartir su mensaje y talento en el entorno digital.<\/p>\n<p style=\"text-align: justify;\">La conferencia tambi\u00e9n cont\u00f3 con el respaldo de las Iglesias Evang\u00e9licas de Los Alcarrizos, destacando su apoyo al emprendimiento juvenil en la comunidad.<img decoding=\"async\" class=\"size-medium wp-image-35544 alignright lazyload\" data-src=\"https:\/\/laverdadpublica.com\/wp-content\/uploads\/2024\/12\/IMG-20241218-WA0086-300x169.jpg\" alt=\"\" width=\"300\" height=\"169\" data-srcset=\"https:\/\/laverdadpublica.com\/wp-content\/uploads\/2024\/12\/IMG-20241218-WA0086-300x169.jpg 300w, https:\/\/laverdadpublica.com\/wp-content\/uploads\/2024\/12\/IMG-20241218-WA0086-1024x576.jpg 1024w, https:\/\/laverdadpublica.com\/wp-content\/uploads\/2024\/12\/IMG-20241218-WA0086-768x432.jpg 768w, https:\/\/laverdadpublica.com\/wp-content\/uploads\/2024\/12\/IMG-20241218-WA0086-1536x863.jpg 1536w, https:\/\/laverdadpublica.com\/wp-content\/uploads\/2024\/12\/IMG-20241218-WA0086-2048x1151.jpg 2048w, https:\/\/laverdadpublica.com\/wp-content\/uploads\/2024\/12\/IMG-20241218-WA0086-800x450.jpg 800w\" data-sizes=\"(max-width: 300px) 100vw, 300px\" src=\"data:image\/svg+xml;base64,PHN2ZyB3aWR0aD0iMSIgaGVpZ2h0PSIxIiB4bWxucz0iaHR0cDovL3d3dy53My5vcmcvMjAwMC9zdmciPjwvc3ZnPg==\" style=\"--smush-placeholder-width: 300px; --smush-placeholder-aspect-ratio: 300\/169;\" \/><\/p>\n<p style=\"text-align: justify;\">Para m\u00e1s informaci\u00f3n sobre futuros eventos y actividades de UPEDG, se puede comunicar con Ezequiel Silva al tel\u00e9fono (829) 274-1121.<\/p>\n<p style=\"text-align: justify;\">M\u00e1s detalles en redes sociales:\u00a0 @Upedgoficial \/ @emmanuel.popa \/ @farelguerrero\/ @volquezezequiel\/ @yosoyalcarricense\/ @davids_films_works\/ @francosolano09\/ @angelreyesdj\/@keisyrgo\/@xesteban_arturo9\/@ingridabreutv.<\/p>\n<p>Fuente: Ingrid Abreu<\/p>\n","protected":false},"excerpt":{"rendered":"<p>La Iglesia de Dios Unida en Los Alcarrizos, bajo la direcci\u00f3n del pastor Ismael Castro,<\/p>\n","protected":false},"author":2,"featured_media":35545,"comment_status":"open","ping_status":"open","sticky":false,"template":"","format":"standard","meta":{"footnotes":""},"categories":[7],"tags":[],"class_list":["post-35542","post","type-post","status-publish","format-standard","has-post-thumbnail","hentry","category-nacionales"],"_links":{"self":[{"href":"https:\/\/laverdadpublica.com\/index.php\/wp-json\/wp\/v2\/posts\/35542","targetHints":{"allow":["GET"]}}],"collection":[{"href":"https:\/\/laverdadpublica.com\/index.php\/wp-json\/wp\/v2\/posts"}],"about":[{"href":"https:\/\/laverdadpublica.com\/index.php\/wp-json\/wp\/v2\/types\/post"}],"author":[{"embeddable":true,"href":"https:\/\/laverdadpublica.com\/index.php\/wp-json\/wp\/v2\/users\/2"}],"replies":[{"embeddable":true,"href":"https:\/\/laverdadpublica.com\/index.php\/wp-json\/wp\/v2\/comments?post=35542"}],"version-history":[{"count":1,"href":"https:\/\/laverdadpublica.com\/index.php\/wp-json\/wp\/v2\/posts\/35542\/revisions"}],"predecessor-version":[{"id":35548,"href":"https:\/\/laverdadpublica.com\/index.php\/wp-json\/wp\/v2\/posts\/35542\/revisions\/35548"}],"wp:featuredmedia":[{"embeddable":true,"href":"https:\/\/laverdadpublica.com\/index.php\/wp-json\/wp\/v2\/media\/35545"}],"wp:attachment":[{"href":"https:\/\/laverdadpublica.com\/index.php\/wp-json\/wp\/v2\/media?parent=35542"}],"wp:term":[{"taxonomy":"category","embeddable":true,"href":"https:\/\/laverdadpublica.com\/index.php\/wp-json\/wp\/v2\/categories?post=35542"},{"taxonomy":"post_tag","embeddable":true,"href":"https:\/\/laverdadpublica.com\/index.php\/wp-json\/wp\/v2\/tags?post=35542"}],"curies":[{"name":"wp","href":"https:\/\/api.w.org\/{rel}","templated":true}]}}