{"id":35786,"date":"2024-12-26T23:29:31","date_gmt":"2024-12-26T23:29:31","guid":{"rendered":"https:\/\/laverdadpublica.com\/?p=35786"},"modified":"2024-12-26T23:30:19","modified_gmt":"2024-12-26T23:30:19","slug":"vicepresidenta-raquel-pena-supervisa-distribucion-de-mas-de-32-mil-raciones-alimenticias-a-traves-de-los-comedores-economicos","status":"publish","type":"post","link":"https:\/\/laverdadpublica.com\/index.php\/2024\/12\/26\/vicepresidenta-raquel-pena-supervisa-distribucion-de-mas-de-32-mil-raciones-alimenticias-a-traves-de-los-comedores-economicos\/","title":{"rendered":"Vicepresidenta Raquel Pe\u00f1a supervisa distribuci\u00f3n de m\u00e1s de 32 mil raciones alimenticias a trav\u00e9s de los Comedores Econ\u00f3micos"},"content":{"rendered":"<blockquote>\n<p style=\"text-align: justify;\">Raquel Pe\u00f1a visita hogar de adultos mayores y comparte con envejecientes<\/p>\n<\/blockquote>\n<p style=\"text-align: justify;\"><strong>Santo Domingo Este<\/strong>.- La vicepresidenta de la Rep\u00fablica, Raquel Pe\u00f1a, supervis\u00f3 este jueves el proceso de entrega de otras 32, 830 raciones alimenticias cocidas, continuando con el compromiso de llevar alimentos de calidad a los hogares dominicanos durante estas fiestas navide\u00f1as.<\/p>\n<blockquote>\n<p style=\"text-align: justify;\">\u201cEl compromiso del presidente Luis Abinader es continuar elevando la calidad de vida y que las oportunidades sean iguales para todos los dominicanos\u201d, expuso la vicemandataria durante su recorrido.<\/p>\n<\/blockquote>\n<p style=\"text-align: justify;\">Las raciones fueron dispensadas a trav\u00e9s de los Comedores Econ\u00f3micos, desde la cede principal, en la San Vicente de Pa\u00fal, Los Mina, a los comunitarios de la zona.<\/p>\n<p><img decoding=\"async\" class=\"size-medium wp-image-35789 alignleft lazyload\" data-src=\"https:\/\/laverdadpublica.com\/wp-content\/uploads\/2024\/12\/IMG-20241226-WA0386-300x200.jpg\" alt=\"\" width=\"300\" height=\"200\" data-srcset=\"https:\/\/laverdadpublica.com\/wp-content\/uploads\/2024\/12\/IMG-20241226-WA0386-300x200.jpg 300w, https:\/\/laverdadpublica.com\/wp-content\/uploads\/2024\/12\/IMG-20241226-WA0386-1024x683.jpg 1024w, https:\/\/laverdadpublica.com\/wp-content\/uploads\/2024\/12\/IMG-20241226-WA0386-768x512.jpg 768w, https:\/\/laverdadpublica.com\/wp-content\/uploads\/2024\/12\/IMG-20241226-WA0386-1536x1024.jpg 1536w, https:\/\/laverdadpublica.com\/wp-content\/uploads\/2024\/12\/IMG-20241226-WA0386-2048x1366.jpg 2048w\" data-sizes=\"(max-width: 300px) 100vw, 300px\" src=\"data:image\/svg+xml;base64,PHN2ZyB3aWR0aD0iMSIgaGVpZ2h0PSIxIiB4bWxucz0iaHR0cDovL3d3dy53My5vcmcvMjAwMC9zdmciPjwvc3ZnPg==\" style=\"--smush-placeholder-width: 300px; --smush-placeholder-aspect-ratio: 300\/200;\" \/><\/p>\n<p style=\"text-align: justify;\">Adem\u00e1s, las fundaciones Pro-Desarrollo de mi Barrio, Margarita Cultura y Monse\u00f1or Rogelio Cruz, recibieron los alimentos para el consumo inmediato; cerdo y pollo asado, moro de guandules, ensalada, pasteles en hoja, manzanas, uvas, teleras y dulces navide\u00f1os.<\/p>\n<p style=\"text-align: justify;\">De su lado, el direntor de los Comedores Econ\u00f3micos, Edgar F\u00e9liz, gui\u00f3 el recorrido de la vicemandataria y le present\u00f3 a la vicepresidenta los actores principales de la instituci\u00f3n, quienes d\u00eda a d\u00eda se esfuerzan, y han trabajado sin descanso estas navidades para que cada familia dominicana obtenga alimentos de calidad y sabrosos.<\/p>\n<p><strong>Almuerzo de la Navidad del Cambio<\/strong><\/p>\n<p style=\"text-align: justify;\">M\u00e1s de 15 mil millones de raciones han sido distribuidas en los bufetes navide\u00f1os de la Navidad del Cambio hasta el momento, con una inversi\u00f3n de RD$1,200 millones de pesos para el programa, que termina el pr\u00f3ximo el 31 de diciembre, aunque las cocinas m\u00f3viles se extender\u00e1n hasta el 1 de enero, en el evento de la Batalla de la F\u00e9.<\/p>\n<p style=\"text-align: justify;\">Tambi\u00e9n, m\u00e1s de 9 mil solicitudes de organizaciones sociales para almuerzos y cenas navide\u00f1as fueron atendidos.<\/p>\n<p style=\"text-align: justify;\">Han sido 40 los almuerzos encabezados por el presidente de la Rep\u00fablica, Luis Abinader y la vicepresidenta Raquel Pe\u00f1a, quienes compartieron con comunitarios de todo el pa\u00eds el verdadero significado de la Navidad, el nacimiento de Jes\u00fas y la uni\u00f3n familiar.<\/p>\n<p><strong>Visita a ancianos<\/strong><\/p>\n<p style=\"text-align: justify;\"><img decoding=\"async\" class=\"size-medium wp-image-35788 alignright lazyload\" data-src=\"https:\/\/laverdadpublica.com\/wp-content\/uploads\/2024\/12\/IMG-20241226-WA0390-300x200.jpg\" alt=\"\" width=\"300\" height=\"200\" data-srcset=\"https:\/\/laverdadpublica.com\/wp-content\/uploads\/2024\/12\/IMG-20241226-WA0390-300x200.jpg 300w, https:\/\/laverdadpublica.com\/wp-content\/uploads\/2024\/12\/IMG-20241226-WA0390-1024x683.jpg 1024w, https:\/\/laverdadpublica.com\/wp-content\/uploads\/2024\/12\/IMG-20241226-WA0390-768x512.jpg 768w, https:\/\/laverdadpublica.com\/wp-content\/uploads\/2024\/12\/IMG-20241226-WA0390-1536x1024.jpg 1536w, https:\/\/laverdadpublica.com\/wp-content\/uploads\/2024\/12\/IMG-20241226-WA0390-2048x1366.jpg 2048w\" data-sizes=\"(max-width: 300px) 100vw, 300px\" src=\"data:image\/svg+xml;base64,PHN2ZyB3aWR0aD0iMSIgaGVpZ2h0PSIxIiB4bWxucz0iaHR0cDovL3d3dy53My5vcmcvMjAwMC9zdmciPjwvc3ZnPg==\" style=\"--smush-placeholder-width: 300px; --smush-placeholder-aspect-ratio: 300\/200;\" \/>La presidenta en funciones visit\u00f3 adem\u00e1s el hogar de ancianos Residencia Bethania, en Santo Domingo Este, donde comparti\u00f3 con los adultos mayores y supervis\u00f3 la entrega de 150 raciones de alimentos cocidos.<\/p>\n<p style=\"text-align: justify;\">Unos 39 envejecientes est\u00e1n albergados en el asilo Betania, quienes oscilan entre los 65 y 97 a\u00f1os, y recibieron tambi\u00e9n cinco cajas de uvas, cinco cajas de manzanas, coquitos, dulces navide\u00f1os y 50 teleras.<\/p>\n<p style=\"text-align: justify;\">Los envejecientes compartieron con la vicemandataria actividades de dibujo y mostraron sus habilidades en la motricidad fina a trav\u00e9s de los tejidos punto por punto.<\/p>\n<p style=\"text-align: justify;\">Adem\u00e1s, conversaron con Raquel Pe\u00f1a sobre sus d\u00edas dentro de la estancia y una de las internas ofreci\u00f3 un recital en espa\u00f1ol e ingl\u00e9s, conmemorando el momento especial con los ancianos.<\/p>\n<p>Fuente: Vicepresidencia de la Rep. Dominicana<\/p>\n","protected":false},"excerpt":{"rendered":"<p>Raquel Pe\u00f1a visita hogar de adultos mayores y comparte con envejecientes Santo Domingo Este.- La<\/p>\n","protected":false},"author":4,"featured_media":35787,"comment_status":"open","ping_status":"open","sticky":false,"template":"","format":"standard","meta":{"footnotes":""},"categories":[7],"tags":[],"class_list":["post-35786","post","type-post","status-publish","format-standard","has-post-thumbnail","hentry","category-nacionales"],"_links":{"self":[{"href":"https:\/\/laverdadpublica.com\/index.php\/wp-json\/wp\/v2\/posts\/35786","targetHints":{"allow":["GET"]}}],"collection":[{"href":"https:\/\/laverdadpublica.com\/index.php\/wp-json\/wp\/v2\/posts"}],"about":[{"href":"https:\/\/laverdadpublica.com\/index.php\/wp-json\/wp\/v2\/types\/post"}],"author":[{"embeddable":true,"href":"https:\/\/laverdadpublica.com\/index.php\/wp-json\/wp\/v2\/users\/4"}],"replies":[{"embeddable":true,"href":"https:\/\/laverdadpublica.com\/index.php\/wp-json\/wp\/v2\/comments?post=35786"}],"version-history":[{"count":2,"href":"https:\/\/laverdadpublica.com\/index.php\/wp-json\/wp\/v2\/posts\/35786\/revisions"}],"predecessor-version":[{"id":35791,"href":"https:\/\/laverdadpublica.com\/index.php\/wp-json\/wp\/v2\/posts\/35786\/revisions\/35791"}],"wp:featuredmedia":[{"embeddable":true,"href":"https:\/\/laverdadpublica.com\/index.php\/wp-json\/wp\/v2\/media\/35787"}],"wp:attachment":[{"href":"https:\/\/laverdadpublica.com\/index.php\/wp-json\/wp\/v2\/media?parent=35786"}],"wp:term":[{"taxonomy":"category","embeddable":true,"href":"https:\/\/laverdadpublica.com\/index.php\/wp-json\/wp\/v2\/categories?post=35786"},{"taxonomy":"post_tag","embeddable":true,"href":"https:\/\/laverdadpublica.com\/index.php\/wp-json\/wp\/v2\/tags?post=35786"}],"curies":[{"name":"wp","href":"https:\/\/api.w.org\/{rel}","templated":true}]}}